{"id":115993,"date":"2021-05-02T06:00:00","date_gmt":"2021-05-02T10:00:00","guid":{"rendered":"https:\/\/linitiative.ca\/International\/oui-mais-pourquoi\/"},"modified":"2021-05-02T06:00:00","modified_gmt":"2021-05-02T10:00:00","slug":"oui-mais-pourquoi","status":"publish","type":"post","link":"https:\/\/linitiative.ca\/International\/oui-mais-pourquoi\/","title":{"rendered":"Oui, mais pourquoi ?"},"content":{"rendered":"<p class=\"c3\">Le ministre de la P\u00eache et des Postes a r\u00e9affirm\u00e9 ses priorit\u00e9s. Solder son compte a\u2026<\/p>\n<p class=\"c3\"><strong>\u2026 requin !<\/strong><\/p>\n<p class=\"c3\">Nous payons nos imp\u00f4ts, yek ? Surtout nous, les salari\u00e9s, \u00e9corch\u00e9s vif par l\u2019IRG. Nous votons, yek ? M\u00eame lorsque d\u2019autres nous \u00e9vitent la corv\u00e9e du centre de vote et plongent un bulletin en notre nom, \u00e0 notre place. Nous avons des devoirs, certes, mais aussi des droits, yek ? Alors, ne croyez-vous pas que nous avons m\u00e9rit\u00e9 un minimum de consid\u00e9ration citoyenne ? Pourquoi je dis \u00e7a ? Parce que je commence \u00e0 en avoir marre, un peu, beaucoup, passionn\u00e9ment, \u00e0 la folie, pas du tout de ces communiqu\u00e9s laconiques comme un jour de Ramadhan sans fin et qui nous disent en trois mots\u2026 rien. Le dernier en date : il a \u00e9t\u00e9 proc\u00e9d\u00e9 \u00e0 la mise fin de fonction du ministre des Postes et son remplacement en int\u00e9rimaire par celui de la P\u00eache. Et ? Ghi\u00eer el khe\u00efr ? Il a \u00e9t\u00e9 limog\u00e9, pourquoi ? Il a commis une faute, laquelle ? Pour des raisons personnelles, dites-nous lesquelles. Appel\u00e9 \u00e0 d\u2019autres fonctions, d\u00e9taillez ! Admis \u00e0 la retraite, la touchera-t-il comme nous aux queues des bureaux de poste ? En un mot, qu\u2019on arr\u00eate de nous consid\u00e9rer comme invisibles. Pas assez m\u00fbrs pour recevoir l\u2019info du pourquoi du comment du limogeage d\u2019un ministre ou de tout autre commis de l\u2019\u00c9tat. Nous ne sommes pas invisibles ! Nous sommes la soci\u00e9t\u00e9 et la cit\u00e9, en m\u00eame temps ! Vous nous \u00eates redevables d\u2019explications adultes. \u00c7a s\u2019appelle la gouvernance et l\u2019obligation du rendage de comptes, de d\u00e9crypter la feuille de route et ses incidences de parcours, \u00e0 chaque \u00e9tape ! Sinon, pourquoi gaspiller une feuille, de l\u2019encre et la salive de la journaliste du 20 heures, juste pour me dire qu\u2019untel a \u00e9t\u00e9 vir\u00e9. L\u2019info, ce n\u2019est pas qu\u2019il ait \u00e9t\u00e9 lourd\u00e9. L\u2019info, c\u2019est pourquoi on l\u2019a d\u00e9gomm\u00e9 ! Et je dirai m\u00eame plus, la double info, c\u2019est comment et par quel processus tortueux en est-on arriv\u00e9 au remplacement du ministre des Postes par celui de la P\u00eache ? Un truc \u00e0 te faire fumer du th\u00e9 pour reste \u00e9veill\u00e9 \u00e0 ton cauchemar qui continue.<br \/><em><strong>H. L.<\/strong><\/em><\/p>\n<p>Auteur:<br \/>\n<a href=\"https:\/\/www.lesoirdalgerie.com\/pousse-avec-eux\/oui-mais-pourquoi-60465\">Cliquez ici pour lire l&rsquo;article depuis sa source.<\/a><\/p>\n","protected":false},"excerpt":{"rendered":"<p>Le ministre de la P\u00eache et des Postes a r\u00e9affirm\u00e9 ses priorit\u00e9s. Solder son compte a\u2026 \u2026 requin ! Nous payons nos imp\u00f4ts, yek ? Surtout nous, les salari\u00e9s, \u00e9corch\u00e9s vif par l\u2019IRG. Nous votons, yek ? M\u00eame lorsque d\u2019autres nous \u00e9vitent la corv\u00e9e du centre de vote et plongent un bulletin en notre nom, [&hellip;]<\/p>\n","protected":false},"author":1741,"featured_media":0,"comment_status":"closed","ping_status":"closed","sticky":false,"template":"","format":"standard","meta":{"fifu_image_url":"","fifu_image_alt":"","footnotes":""},"categories":[73,53],"tags":[],"class_list":["post-115993","post","type-post","status-publish","format-standard","hentry","category-actualite","category-algerie"],"_links":{"self":[{"href":"https:\/\/linitiative.ca\/International\/wp-json\/wp\/v2\/posts\/115993","targetHints":{"allow":["GET"]}}],"collection":[{"href":"https:\/\/linitiative.ca\/International\/wp-json\/wp\/v2\/posts"}],"about":[{"href":"https:\/\/linitiative.ca\/International\/wp-json\/wp\/v2\/types\/post"}],"author":[{"embeddable":true,"href":"https:\/\/linitiative.ca\/International\/wp-json\/wp\/v2\/users\/1741"}],"replies":[{"embeddable":true,"href":"https:\/\/linitiative.ca\/International\/wp-json\/wp\/v2\/comments?post=115993"}],"version-history":[{"count":0,"href":"https:\/\/linitiative.ca\/International\/wp-json\/wp\/v2\/posts\/115993\/revisions"}],"wp:attachment":[{"href":"https:\/\/linitiative.ca\/International\/wp-json\/wp\/v2\/media?parent=115993"}],"wp:term":[{"taxonomy":"category","embeddable":true,"href":"https:\/\/linitiative.ca\/International\/wp-json\/wp\/v2\/categories?post=115993"},{"taxonomy":"post_tag","embeddable":true,"href":"https:\/\/linitiative.ca\/International\/wp-json\/wp\/v2\/tags?post=115993"}],"curies":[{"name":"wp","href":"https:\/\/api.w.org\/{rel}","templated":true}]}}