{"id":115996,"date":"2021-05-02T10:04:57","date_gmt":"2021-05-02T14:04:57","guid":{"rendered":"https:\/\/linitiative.ca\/International\/agadir-des-hotels-mis-en-vente-et-des-fermetures-definitives\/"},"modified":"2021-05-02T10:04:57","modified_gmt":"2021-05-02T14:04:57","slug":"agadir-des-hotels-mis-en-vente-et-des-fermetures-definitives","status":"publish","type":"post","link":"https:\/\/linitiative.ca\/International\/agadir-des-hotels-mis-en-vente-et-des-fermetures-definitives\/","title":{"rendered":"Agadir : des h\u00f4tels mis en vente et des fermetures \u00ab d\u00e9finitives \u00bb"},"content":{"rendered":"<p><strong>Des man\u0153uvres dans l\u2019h\u00f4tellerie \u00e0 Agadir ! Des groupes ont d\u00e9cid\u00e9 de se d\u00e9lester de leurs murs ou d\u2019all\u00e9ger leur portefeuille. Paradoxalement, les cessions d\u2019h\u00f4tels ne sont en rien li\u00e9es \u00e0 la crise sanitaire et \u00e9conomique.<\/strong><\/p>\n<div class=\"c10\">\n<\/div>\n<p>A Agadir comme dans d\u2019autres villes touristiques du pays, l\u2019h\u00f4tellerie a vu sa client\u00e8le s\u2019\u00e9vanouir dans des proportions rarement vues. Si la plupart des \u00e9tablissements ont fini par ouvrir leurs portes depuis quelques mois, certains n\u2019ont toujours pas repris leurs activit\u00e9s en raison du manque de visibilit\u00e9 sur les restrictions impos\u00e9es \u00e0 cause de la pand\u00e9mie. Apr\u00e8s avoir a ainsi d\u00e9cal\u00e9 deux fois la date d\u2019ouverture de son village-h\u00f4tel d\u2019Agadir, le Club Med, pr\u00e9sent au Maroc depuis 1963, a annonc\u00e9 que celui-ci ne rouvrira pas ses portes. Cette d\u00e9cision est motiv\u00e9e par les fermetures des fronti\u00e8res des pays europ\u00e9ens qui sont les principaux march\u00e9s \u00e9metteurs surtout que la fin du contrat de bail \u00e9tait pr\u00e9vue au premier trimestre 2022. Aussi, m\u00eame si ce resort est class\u00e9 3 tridents, il ne correspondait plus selon Club Med aux attentes des clients. Cette d\u00e9cision, selon le management du Club Med, a \u00e9t\u00e9 prise en accord avec les propri\u00e9taires marocains, \u00e0 savoir Mada\u00ebf, branche touristique du groupe CDG. Celle-ci est \u00e9galement propri\u00e9taire des deux autres resorts du Club Med au Maroc, en l\u2019occurrence Marrakech La Palmeraie et Yasmina Cabo Negro \u00e0 Martil. C\u2019est dire que la page de ce mythique \u00e9tablissement h\u00f4telier de la capitale du Souss-Massa, qui existe depuis 1965, vient d\u2019\u00eatre d\u00e9finitivement tourn\u00e9e. Selon une source g\u00e9n\u00e9ralement bien inform\u00e9e, le Club Med \u00e9tudierait d\u2019autres destinations, aux environs d\u2019Agadir et pr\u00e8s de Chbika.<\/p>\n<p><strong>Lire aussi| <a href=\"https:\/\/www.challenge.ma\/fret-maritime-cma-cgm-annonce-une-hausse-de-10-000-dh-par-conteneur-au-depart-du-maroc-vers-les-usa-183204\/\">Fret maritime : CMA CGM annonce une hausse de 10 000 DH par conteneur au d\u00e9part du Maroc vers les USA<\/a><\/strong><\/p>\n<p>D\u2019ailleurs pour le management, la fermeture du village-h\u00f4tel d\u2019Agadir, n\u2019entame en rien, les r\u00e9centes ambitions de la marque au Trident. En effet, le groupe a officialis\u00e9 en octobre dernier la construction d\u2019un nouveau resort premium \u00e0 Essaouira, au Maroc. Club Med Essaouira qui ouvrira ses portes en 2024, n\u00e9cessitera un investissement d\u2019environ 90 millions d\u2019euros.\u00a0 Dot\u00e9 de 305 chambres, il comprendra un espace Club Med Exclusive Collection. Il permettra \u00e9galement au groupe de construire un circuit \u00e0 destination de sa client\u00e8le internationale, ralliant Marrakech \u00e0 Essaouira.<\/p>\n<p>La Palmeraie Club Med va \u00e9galement r\u00e9nover et agrandir son resort embl\u00e9matique de Marrakech, la Palmeraie. 25 millions d\u2019euros seront investis pour ajouter une centaine de chambres, construire une grande piscine familiale et un Baby Club. \u00ab Le Riad \u00bb, l\u2019espace Club Med Exclusive Collection inaugur\u00e9 en 2005, le spa, les restaurants et l\u2019espace Meeting &amp; Events seront \u00e9galement r\u00e9nov\u00e9s. Par ailleurs, Club Med a prolong\u00e9 son bail actuel jusqu\u2019en 2031. L\u2019accord sign\u00e9 entre le Club Med et Mada\u00ebf, la branche Tourisme de la Caisse de D\u00e9p\u00f4t et de Gestion (CDG), porte \u00e9galement sur le resort de Yasmina, ouvert en 1970 dans le nord du pays. Apr\u00e8s une premi\u00e8re r\u00e9novation d\u2019importance r\u00e9alis\u00e9e en 2011, 3,5 millions d\u2019euros seront investis pour \u00ab mieux r\u00e9pondre aux attentes de la client\u00e8le, accro\u00eetre l\u2019attractivit\u00e9 du resort et rallonger sa dur\u00e9e d\u2019ouverture \u00bb.\u00a0<\/p>\n<p>Mais pendant que le Club Med se retire d\u2019Agadir, d\u2019autres h\u00f4tels sont mis en vente. C\u2019est le cas de l\u2019h\u00f4tel\u00a0Le Tivoli d\u2019Agadir, situ\u00e9 en plein c\u0153ur de la capitale du Souss. Concr\u00e8tement, la banque cherche \u00e0 c\u00e9der cet h\u00f4tel 4 \u00e9toiles, ainsi que sa galerie commerciale compos\u00e9e de 50 magasins. Ce projet de cession entre dans le cadre de la r\u00e9orientation strat\u00e9gique du CIH visant \u00e0 se d\u00e9sengager du secteur h\u00f4telier.<\/p>\n<p><strong>Lire aussi| <a href=\"https:\/\/www.challenge.ma\/ladministration-biden-ne-reviendra-pas-sur-la-reconnaissance-americaine-de-la-marocanite-du-sahara-183200\/\">L\u2019Administration Biden ne reviendra pas sur la reconnaissance am\u00e9ricaine de la marocanit\u00e9 du Sahara<\/a><\/strong><\/p>\n<p>De son c\u00f4t\u00e9, Iberostar, \u00e0 l\u2019instar du CIH Bank s\u2019est \u00e9galement inscrit dans une logique de cession. Le groupe h\u00f4telier a d\u00e9cid\u00e9 de mettre en vente son h\u00f4tel d\u2019Agadir, au m\u00eame titre que celui de Saidia. En effet, Iberostar voudrait garder dans son escarcelle que les \u00e9tablissements \u00e0 fort ratio de rentabilit\u00e9 comme son unit\u00e9 de Marrakech.<\/p>\n<p>Si la famille Sba\u00ef et la Somed cherchent \u00e0 leur tour \u00e0 c\u00e9der respectivement l\u2019h\u00f4tel Club Almoggar et l\u2019h\u00f4tel Kasbah, l\u2019op\u00e9rateur touristique Risma, lui, a mis fin en juin dernier \u00e0 son contrat de location de l\u2019\u00e9tablissement h\u00f4telier \u00ab\u00a0Sofitel Agadir Royal Bay\u00a0\u00bb, arriv\u00e9 exactement \u00e0 \u00e9ch\u00e9ance le 30 juin 2020 et qui le liait depuis 2004 \u00e0 la soci\u00e9t\u00e9 ABS Holding, propri\u00e9taire de l\u2019h\u00f4tel.\u00a0 Cette d\u00e9cision intervenait d\u2019un commun accord entre les deux parties, \u00ab\u00a0compte tenu de la v\u00e9tust\u00e9 de l\u2019h\u00f4tel qui n\u00e9cessite une r\u00e9novation profonde pour r\u00e9pondre aux standards luxe 5 \u00e9toiles et qui n\u2019est en rien li\u00e9e \u00e0 la conjoncture actuelle\u00a0\u00bb, selon Risma.<\/p>\n<p><strong>Lire aussi| <a href=\"https:\/\/www.challenge.ma\/mon-histoire-avec-les-medicaments-une-autobiographie-de-feu-omar-tazi-a-lire-sans-tarder-183170\/\">\u00ab Mon histoire avec les m\u00e9dicaments \u00bb. Une autobiographie de feu Omar Tazi \u00e0 lire sans tarder<\/a><\/strong><\/p>\n<p>Auteur: Adama Sylla<br \/>\n<a href=\"https:\/\/www.challenge.ma\/agadir-des-hotels-mis-en-vente-et-des-fermetures-definitives-183210\/\">Cliquez ici pour lire l&rsquo;article depuis sa source.<\/a><\/p>\n","protected":false},"excerpt":{"rendered":"<p>Des man\u0153uvres dans l\u2019h\u00f4tellerie \u00e0 Agadir ! Des groupes ont d\u00e9cid\u00e9 de se d\u00e9lester de leurs murs ou d\u2019all\u00e9ger leur portefeuille. Paradoxalement, les cessions d\u2019h\u00f4tels ne sont en rien li\u00e9es \u00e0 la crise sanitaire et \u00e9conomique. A Agadir comme dans d\u2019autres villes touristiques du pays, l\u2019h\u00f4tellerie a vu sa client\u00e8le s\u2019\u00e9vanouir dans des proportions rarement [&hellip;]<\/p>\n","protected":false},"author":1787,"featured_media":0,"comment_status":"closed","ping_status":"closed","sticky":false,"template":"","format":"standard","meta":{"fifu_image_url":"","fifu_image_alt":"","footnotes":""},"categories":[78,54],"tags":[],"class_list":["post-115996","post","type-post","status-publish","format-standard","hentry","category-economie","category-maroc"],"_links":{"self":[{"href":"https:\/\/linitiative.ca\/International\/wp-json\/wp\/v2\/posts\/115996","targetHints":{"allow":["GET"]}}],"collection":[{"href":"https:\/\/linitiative.ca\/International\/wp-json\/wp\/v2\/posts"}],"about":[{"href":"https:\/\/linitiative.ca\/International\/wp-json\/wp\/v2\/types\/post"}],"author":[{"embeddable":true,"href":"https:\/\/linitiative.ca\/International\/wp-json\/wp\/v2\/users\/1787"}],"replies":[{"embeddable":true,"href":"https:\/\/linitiative.ca\/International\/wp-json\/wp\/v2\/comments?post=115996"}],"version-history":[{"count":0,"href":"https:\/\/linitiative.ca\/International\/wp-json\/wp\/v2\/posts\/115996\/revisions"}],"wp:attachment":[{"href":"https:\/\/linitiative.ca\/International\/wp-json\/wp\/v2\/media?parent=115996"}],"wp:term":[{"taxonomy":"category","embeddable":true,"href":"https:\/\/linitiative.ca\/International\/wp-json\/wp\/v2\/categories?post=115996"},{"taxonomy":"post_tag","embeddable":true,"href":"https:\/\/linitiative.ca\/International\/wp-json\/wp\/v2\/tags?post=115996"}],"curies":[{"name":"wp","href":"https:\/\/api.w.org\/{rel}","templated":true}]}}