{"id":116004,"date":"2021-05-02T14:26:44","date_gmt":"2021-05-02T18:26:44","guid":{"rendered":"https:\/\/linitiative.ca\/International\/deces-de-francis-ducreux\/"},"modified":"2021-05-02T14:26:44","modified_gmt":"2021-05-02T18:26:44","slug":"deces-de-francis-ducreux","status":"publish","type":"post","link":"https:\/\/linitiative.ca\/International\/deces-de-francis-ducreux\/","title":{"rendered":"DECES DE FRANCIS DUCREUX\u00a0"},"content":{"rendered":"<p class=\"c4\"><em>Francis Ducreux, l\u2019homme \u00e0 la fine moustache, qui a largement contribu\u00e9 \u00e0 l\u2019essor du cyclisme sur le continent africain, est mort dans son sommeil le 1<sup>er<\/sup> mai dernier, probablement des suites d\u2019un arr\u00eat cardiaque. Ce natif de Normandie quitte d\u00e9finitivement la piste \u00e0 76 ans, dont il a consacr\u00e9 pr\u00e8s de la moiti\u00e9 \u00e0 populariser la \u00ab\u00a0petite reine\u00a0\u00bb en Afrique \u00e0 travers les diff\u00e9rents Tours cyclistes qu\u2019il a organis\u00e9s au Burkina Faso, au Togo, au B\u00e9nin, en Guin\u00e9e, au Niger, en RDC, au Gabon, ou encore \u00e0 Madagascar. L\u2019histoire retiendra que c\u2019est lui qui a fait gagner en exp\u00e9rience et en notori\u00e9t\u00e9, le plus grand Tour cycliste africain, du moins pour sa r\u00e9gularit\u00e9 et sa long\u00e9vit\u00e9, celui du Burkina Faso ind\u00e9pendant dont la premi\u00e8re \u00e9dition a eu lieu en 1987 sous le r\u00e9gime r\u00e9volutionnaire de Thomas Sankara, quelques mois seulement avant l\u2019assassinat de ce dernier. A vrai dire, le fait que le \u00ab\u00a0pays des Hommes int\u00e8gres\u00a0\u00bb ait organis\u00e9 cette comp\u00e9tition cycliste majeure, n\u2019avait pas surpris grand monde. D\u2019autant que le capitaine-pr\u00e9sident \u00e9tait connu pour \u00eatre un mordu du v\u00e9lo, et que le Burkina Faso avait une petite exp\u00e9rience en la mati\u00e8re pour avoir organis\u00e9 la premi\u00e8re course- cycliste sur le continent d\u00e8s 1955. Une \u00e9dition qui avait connu soit dit en passant, un extraordinaire engouement, au point de susciter l\u2019installation, en 1964, d\u2019une usine de fabrication de v\u00e9los \u00e0 Bobo-Dioulasso par le groupe fran\u00e7ais Peugeot. L\u2019enjeu, ou plut\u00f4t le challenge \u00e9tait de p\u00e9renniser et de faire rayonner \u00a0l\u2019\u00e9v\u00e9nement, et c\u2019est le r\u00f4le que s\u2019\u00e9tait assign\u00e9 Francis Ducreux en trouvant lui-m\u00eame des sponsors pour accompagner l\u2019Etat dans l\u2019organisation des Tours, de la premi\u00e8re \u00e9dition en 1987 jusqu\u2019\u00e0 la derni\u00e8re en 2019.\u00a0 Lui-m\u00eame ancien coureur cycliste professionnel devenu, apr\u00e8s sa courte carri\u00e8re dans l\u2019\u00e9quipe de France organisateur de Tour, notamment celui de Corse dans les ann\u00e9es 70, n\u2019a pas eu de la peine \u00e0 monter sur le tr\u00f4ne de la \u00ab\u00a0petite reine\u00a0\u00bb, au Burkina Faso comme dans les autres pays o\u00f9 il a \u00e9norm\u00e9ment contribu\u00e9 \u00e0 donner \u00e0 ce sport, ses lettres de noblesse. Et \u00e0 faire \u00e9clore des talents locaux qui non seulement tirent professionnellement leur \u00e9pingle du jeu, mais aussi augmentent sa cote de popularit\u00e9 aupr\u00e8s du public sportif africain.<\/em><\/p>\n<p class=\"c4\"><em>\u00a0<\/em><\/p>\n<p class=\"c6\"><strong><em>Les Burkinab\u00e8 esp\u00e8rent que ce vide sera rapidement combl\u00e9<\/em><\/strong><\/p>\n<p class=\"c4\"><em>\u00a0<\/em><\/p>\n<p class=\"c4\"><em>Seule fausse note\u00a0: malgr\u00e9 la multiplication des Tours et des d\u00e9cennies de comp\u00e9tition, celui que certains Burkinab\u00e8 appelaient affectueusement Francis Ou\u00e9draogo, n\u2019a pas \u00e9tonnamment r\u00e9ussi \u00e0 assouvir son r\u00eave, celui de voir un coureur originaire des pays o\u00f9 il a laiss\u00e9 sa marque, tutoyer les grands cyclistes du monde, dans des comp\u00e9titions de tr\u00e8s haut niveau comme le mythique Tour de France.\u00a0 Seule une poign\u00e9e d\u2019Africains, en effet, des Erythr\u00e9ens et des Sud-Africains notamment, ont jusqu\u2019ici port\u00e9 les couleurs du continent sur les routes de l\u2019Hexagone, \u00e0 l\u2019occasion de l\u2019embl\u00e9matique \u00e9v\u00e9nement sportif organis\u00e9 annuellement en France et regroupant toute la cr\u00e8me du cyclisme mondial. Ce manque de comp\u00e9titivit\u00e9 des coureurs d\u2019Afrique centrale et de l\u2019Ouest, n\u2019est \u00e9videmment pas imputable \u00e0 Ducreux, mais certainement \u00e0 l\u2019insuffisance de moyens allou\u00e9s \u00e0 ce sport devenu \u00e9litiste, n\u00e9cessitant du mat\u00e9riel et des accessoires de plus en plus sophistiqu\u00e9s et forc\u00e9ment co\u00fbteux. C\u2019est ce qui explique\u00a0 le z\u00e9ro point\u00e9 dans les comp\u00e9titions internationales comme les Tours de France, d\u2019Italie ou d\u2019Espagne, de nos pays o\u00f9 il faut le reconnaitre, la lutte pour la survie prime sur le sport en g\u00e9n\u00e9ral. Qu\u2019\u00e0 cela ne tienne, Francis \u2026Ou\u00e9draogo a fait \u0153uvre utile, malgr\u00e9 ses faiblesses et toutes les critiques qu\u2019on formulait \u00e0 son encontre, notamment son affairisme et son paternalisme de mauvais aloi. Sa disparition, dramatique hasard de calendrier, \u00e0 la veille du d\u00e9marrage du Tour du Rwanda, laissera \u00e0 coup s\u00fbr les fans de la \u00ab\u00a0petite reine\u00a0\u00bb orphelins, et beaucoup se demandent si ce sport pourra se remettre \u00e0 court terme de ce coup \u2026de p\u00e9dale en moins. Les Burkinab\u00e8 qui pr\u00e9parent activement la prochaine \u00e9dition du Tour du Faso, du 29 octobre au 7 novembre prochains, esp\u00e8rent que ce vide, pour incommensurable qu\u2019il puisse \u00eatre, sera rapidement combl\u00e9 pour \u00e9viter que la f\u00eate du v\u00e9lo ne soit g\u00e2ch\u00e9e comme en 2013, quand elle a \u00e9t\u00e9 simplement annul\u00e9e pour cause d\u2019Ebola.<\/em><\/p>\n<p class=\"c4\"><em>\u00a0<\/em><\/p>\n<p class=\"c6\"><strong><em>Hamadou GADIAGA<\/em><\/strong><\/p>\n<p><strong>\u00a0<\/strong><\/p>\n<p>Auteur: Editions LEPAYS<br \/>\n<a href=\"https:\/\/lepays.bf\/deces-de-francis-ducreux\/\">Cliquez ici pour lire l&rsquo;article depuis sa source.<\/a><\/p>\n","protected":false},"excerpt":{"rendered":"<p>Francis Ducreux, l\u2019homme \u00e0 la fine moustache, qui a largement contribu\u00e9 \u00e0 l\u2019essor du cyclisme sur le continent africain, est mort dans son sommeil le 1er mai dernier, probablement des suites d\u2019un arr\u00eat cardiaque. Ce natif de Normandie quitte d\u00e9finitivement la piste \u00e0 76 ans, dont il a consacr\u00e9 pr\u00e8s de la moiti\u00e9 \u00e0 populariser [&hellip;]<\/p>\n","protected":false},"author":1813,"featured_media":0,"comment_status":"closed","ping_status":"closed","sticky":false,"template":"","format":"standard","meta":{"fifu_image_url":"","fifu_image_alt":"","footnotes":""},"categories":[73,81],"tags":[],"class_list":["post-116004","post","type-post","status-publish","format-standard","hentry","category-actualite","category-burkina-faso"],"_links":{"self":[{"href":"https:\/\/linitiative.ca\/International\/wp-json\/wp\/v2\/posts\/116004","targetHints":{"allow":["GET"]}}],"collection":[{"href":"https:\/\/linitiative.ca\/International\/wp-json\/wp\/v2\/posts"}],"about":[{"href":"https:\/\/linitiative.ca\/International\/wp-json\/wp\/v2\/types\/post"}],"author":[{"embeddable":true,"href":"https:\/\/linitiative.ca\/International\/wp-json\/wp\/v2\/users\/1813"}],"replies":[{"embeddable":true,"href":"https:\/\/linitiative.ca\/International\/wp-json\/wp\/v2\/comments?post=116004"}],"version-history":[{"count":0,"href":"https:\/\/linitiative.ca\/International\/wp-json\/wp\/v2\/posts\/116004\/revisions"}],"wp:attachment":[{"href":"https:\/\/linitiative.ca\/International\/wp-json\/wp\/v2\/media?parent=116004"}],"wp:term":[{"taxonomy":"category","embeddable":true,"href":"https:\/\/linitiative.ca\/International\/wp-json\/wp\/v2\/categories?post=116004"},{"taxonomy":"post_tag","embeddable":true,"href":"https:\/\/linitiative.ca\/International\/wp-json\/wp\/v2\/tags?post=116004"}],"curies":[{"name":"wp","href":"https:\/\/api.w.org\/{rel}","templated":true}]}}