{"id":116005,"date":"2021-05-01T20:18:02","date_gmt":"2021-05-02T00:18:02","guid":{"rendered":"https:\/\/linitiative.ca\/International\/cote-divoire-le-nouveau-code-du-travail-integrera-le-teletravail\/"},"modified":"2021-05-01T20:18:02","modified_gmt":"2021-05-02T00:18:02","slug":"cote-divoire-le-nouveau-code-du-travail-integrera-le-teletravail","status":"publish","type":"post","link":"https:\/\/linitiative.ca\/International\/cote-divoire-le-nouveau-code-du-travail-integrera-le-teletravail\/","title":{"rendered":"C\u00f4te d\u2019Ivoire: le nouveau code du travail int\u00e9grera le t\u00e9l\u00e9travail"},"content":{"rendered":"<div readability=\"32\">\n<p>Publi\u00e9 le 02.05.2021 \u00e0 01h18 par APA News<\/p>\n<\/div>\n<div readability=\"109\">\n<p>Le ministre ivoirien de l\u2019Emploi et de la protection sociale, Adama Kamara, a indiqu\u00e9 samedi qu\u2019un nouveau Code du travail, en cours, devrait int\u00e9grer \u00ab\u00a0le t\u00e9l\u00e9travail et le ch\u00f4mage partiel\u00a0\u00bb, \u00e0 l\u2019occasion de la f\u00eate du travail tenue \u00e0 la Primature.<\/p>\n<p>\u00ab\u00a0La crise sanitaire (de Covid-19) qui s\u00e9vit a mis \u00e0 nu certains d\u00e9fis de notre l\u00e9gislation du travail\u00a0\u00bb, a d\u00e9clar\u00e9 M. Adama Kamara, relevant que \u00ab\u00a0des travaux de modification du Code du travail sont en cours pour int\u00e9grer certains m\u00e9canismes\u00a0\u00bb tels \u00ab\u00a0le t\u00e9l\u00e9travail et le ch\u00f4mage partiel\u00a0\u00bb. \u00a0<\/p>\n<p>Toutefois, s\u2019agira-t-il, des r\u00e9formes qui ouvrent des perspectives pour les travailleurs dans le domaine de la protection. En outre, l\u2019Etat veut renforcer le r\u00e9gime social avec la mise en place du r\u00e9gime compl\u00e9mentaire par capitalisation des fonctionnaires et agents de l\u2019Etat.<\/p>\n<p>Selon lui, la mise en oeuvre de ce dispositif permettra de relever le d\u00e9fi de la promotion du bien-\u00eatre social. Le gouvernement veillera \u00e0 ce qu\u2019 il y ait plus de justice sociale au profit des travailleurs. \u00a0<\/p>\n<p>Pour F\u00e9lix Kouam\u00e9 Kra, secr\u00e9taire g\u00e9n\u00e9ral adjoint de la FESACI, une centrale syndicale, le t\u00e9l\u00e9travail est une nouveaut\u00e9 et par cons\u00e9quent l\u2019Etat devrait chercher \u00e0 d\u00e9velopper Internet pour ne pas l\u00e9ser certains travailleurs.<\/p>\n<p>\u00ab\u00a0C\u2019est quelque chose qui peut se faire dans certains secteurs, et m\u00eame dans le syst\u00e8me scolaire, pour les cours \u00e7a va cr\u00e9er quelques difficult\u00e9s. Donc, c\u2019est un syst\u00e8me qui a des limites\u00a0\u00bb, a-t-il dit, ajoutant que l\u00e0 o\u00f9 \u00e7a peut \u00eatre utile, c\u2019est dans le secteur des services.<\/p>\n<p>\u00ab\u00a0Au niveau de la production, le BTP, l\u2019h\u00f4tellerie et autres, \u00e7a ne peut pas servir du tout\u00a0\u00bb, a-t-il soutenu, souhaitant que la Covid-19 puisse finir pour que les employ\u00e9s puissent \u00a0travailler correctement.\u00a0<\/p>\n<p>Quant au ch\u00f4mage partiel, ce syndicaliste estime que \u00ab\u00a0c\u2019est pratiquement la m\u00eame chose\u00a0\u00bb, et \u00ab\u00a0ce sont des mesures \u00e0 d\u00e9plorer, parce que des employeurs l\u2019ont fait, mais beaucoup par abus et des entreprises o\u00f9 on a assist\u00e9 \u00e0 des licenciements\u00a0\u00bb.\u00a0<\/p>\n<p>Lorsque l\u2019arr\u00eat du travail d\u00e9passe trois mois, \u00ab\u00a0ce n\u2019est plus un ch\u00f4mage partiel\u00a0\u00bb et l\u00e0 les r\u00e9flexions devront baliser le nouveau dispositif du Code du travail, a fait observer M. F\u00e9lix Kouam\u00e9, appelant \u00e0 ce que la moiti\u00e9 du salaire puisse \u00eatre pay\u00e9e au moins en cette p\u00e9riode.\u00a0<\/p>\n<p>La centrale syndicale Humanisme, elle, avance qu&rsquo;\u00a0\u00bbaujourd\u2019hui, avec plus de 1,825 million d\u2019emplois perdus\u00a0\u00bb du fait de la crise de Covid-19, la pr\u00e9servation des emplois devrait \u00eatre au c\u0153ur de toutes les strat\u00e9gies pour une reprise \u00e9conomique effective.\u00a0<\/p>\n<\/div>\n<p>Auteur: APA News<br \/>\n<a href=\"https:\/\/www.journalducameroun.com\/cote-divoire-le-nouveau-code-du-travail-integrera-le-teletravail\/\">Cliquez ici pour lire l&rsquo;article depuis sa source.<\/a><\/p>\n","protected":false},"excerpt":{"rendered":"<p>Publi\u00e9 le 02.05.2021 \u00e0 01h18 par APA News Le ministre ivoirien de l\u2019Emploi et de la protection sociale, Adama Kamara, a indiqu\u00e9 samedi qu\u2019un nouveau Code du travail, en cours, devrait int\u00e9grer \u00ab\u00a0le t\u00e9l\u00e9travail et le ch\u00f4mage partiel\u00a0\u00bb, \u00e0 l\u2019occasion de la f\u00eate du travail tenue \u00e0 la Primature. \u00ab\u00a0La crise sanitaire (de Covid-19) qui [&hellip;]<\/p>\n","protected":false},"author":1965,"featured_media":0,"comment_status":"closed","ping_status":"closed","sticky":false,"template":"","format":"standard","meta":{"fifu_image_url":"","fifu_image_alt":"","footnotes":""},"categories":[73,82],"tags":[],"class_list":["post-116005","post","type-post","status-publish","format-standard","hentry","category-actualite","category-cameroun"],"_links":{"self":[{"href":"https:\/\/linitiative.ca\/International\/wp-json\/wp\/v2\/posts\/116005","targetHints":{"allow":["GET"]}}],"collection":[{"href":"https:\/\/linitiative.ca\/International\/wp-json\/wp\/v2\/posts"}],"about":[{"href":"https:\/\/linitiative.ca\/International\/wp-json\/wp\/v2\/types\/post"}],"author":[{"embeddable":true,"href":"https:\/\/linitiative.ca\/International\/wp-json\/wp\/v2\/users\/1965"}],"replies":[{"embeddable":true,"href":"https:\/\/linitiative.ca\/International\/wp-json\/wp\/v2\/comments?post=116005"}],"version-history":[{"count":0,"href":"https:\/\/linitiative.ca\/International\/wp-json\/wp\/v2\/posts\/116005\/revisions"}],"wp:attachment":[{"href":"https:\/\/linitiative.ca\/International\/wp-json\/wp\/v2\/media?parent=116005"}],"wp:term":[{"taxonomy":"category","embeddable":true,"href":"https:\/\/linitiative.ca\/International\/wp-json\/wp\/v2\/categories?post=116005"},{"taxonomy":"post_tag","embeddable":true,"href":"https:\/\/linitiative.ca\/International\/wp-json\/wp\/v2\/tags?post=116005"}],"curies":[{"name":"wp","href":"https:\/\/api.w.org\/{rel}","templated":true}]}}