{"id":116007,"date":"2021-05-02T12:18:01","date_gmt":"2021-05-02T16:18:01","guid":{"rendered":"https:\/\/linitiative.ca\/International\/cote-divoire-reouverture-des-candidatures-pour-les-legislatives-a-seguela-et-a-mankono\/"},"modified":"2021-05-02T12:18:01","modified_gmt":"2021-05-02T16:18:01","slug":"cote-divoire-reouverture-des-candidatures-pour-les-legislatives-a-seguela-et-a-mankono","status":"publish","type":"post","link":"https:\/\/linitiative.ca\/International\/cote-divoire-reouverture-des-candidatures-pour-les-legislatives-a-seguela-et-a-mankono\/","title":{"rendered":"C\u00f4te d\u2019Ivoire: r\u00e9ouverture des candidatures pour les l\u00e9gislatives \u00e0 S\u00e9gu\u00e9la et \u00e0 Mankono"},"content":{"rendered":"<div readability=\"32\">\n<p>Publi\u00e9 le 02.05.2021 \u00e0 17h18 par APA News<\/p>\n<\/div>\n<div readability=\"86\">\n<p>Le pr\u00e9sident de la Commission \u00e9lectorale ind\u00e9pendante (CEI), Ibrahime Coulibaly-Kuibiert, a annonc\u00e9 mercredi une r\u00e9ouverture des candidatures pour la reprise partielles des \u00e9lections l\u00e9gislatives ivoiriennes \u00e0 S\u00e9gu\u00e9la et Mankono (Nord), du 29 avril au 8 mai 2021.<\/p>\n<p>Sur six circonscriptions \u00e9lectorales o\u00f9 le scrutin devrait \u00eatre repris le 12 juin 2021, M. Coulibaly-Kuibiert a expliqu\u00e9 que les candidatures seront particuli\u00e8rement ouvertes \u00e0 nouveau \u00e0 S\u00e9gu\u00e9la et Mankono au regard du Code \u00e9lectoral qui requiert qu\u2019apr\u00e8s le d\u00e9c\u00e8s d\u2019un d\u00e9put\u00e9, la comp\u00e9tition est rouverte pour le si\u00e8ge.<\/p>\n<p>\u00ab\u00a0A S\u00e9gu\u00e9la et \u00e0 Mankono, l\u2019\u00e9lection est ouverte \u00e0 nouveau, c\u2019est-\u00e0-dire qu\u2019on va commencer depuis l\u2019\u00e9ligibilit\u00e9 jusqu\u2019au scrutin de sorte qu\u2019on s\u2019attende \u00e0 de nouvelles candidatures\u00a0\u00bb, a soutenu M. Coulibaly-Kuibiert, au JT de 20h de la RTI 1, la t\u00e9l\u00e9vision publique.<\/p>\n<p>Ce faisant, dira-t-il, \u00ab\u00a0tout citoyen int\u00e9ress\u00e9 peut donc d\u00e9poser son dossier \u00e0 la CEI dans la p\u00e9riode du 29 avril au 8 mai 2021 et ils auront dix jours pour battre campagne\u00a0\u00bb avant les \u00e9lections fix\u00e9es au 12 juin 2021, une date approuv\u00e9e par le gouvernement en Conseil, mercredi.<\/p>\n<p>Suite au d\u00e9c\u00e8s du Premier ministre Hamed Bakayoko, \u00e9lu d\u00e9put\u00e9 dans la circonscription \u00e9lectorale de S\u00e9gu\u00e9la, et de celui de Hassan Fofana, d\u00e9put\u00e9 \u00e9lu de Mankono commune et sous-pr\u00e9fecture, la CEI a d\u00e9cid\u00e9 de la reprise du scrutin selon le dispositif l\u00e9gal. \u00a0<\/p>\n<p>Les circonscriptions \u00e9lectorales vis\u00e9es par l\u2019invalidation du scrutin \u00e0 la suite d\u2019un contentieux sont Gbelo, Gouekan, Koonan, Ouaninou, Saboudougou, Santa communes et sous-pr\u00e9fectures; Atoutou et Jacqueville; Daboyo et Gueyo; Dogbo et Grand-Bereby.<\/p>\n<p>Le Conseil des ministres a convoqu\u00e9 le coll\u00e8ge \u00e9lectoral pour le samedi 12 juin 2021 en vue de la reprise des l\u00e9gislatives du 6 mars 2021. Le scrutin se tiendra le 12 juin 2021 de 8h \u00e0 18h (GMT, heure locale). Pour les circonscriptions o\u00f9 le vote a \u00e9t\u00e9 annul\u00e9, la campagne se d\u00e9roulera sur sept jours, du 4 au 10 juin 2021.<\/p>\n<\/div>\n<p>Auteur: APA News<br \/>\n<a href=\"https:\/\/www.journalducameroun.com\/cote-divoire-reouverture-des-candidatures-pour-les-legislatives-a-seguela-et-a-mankono\/\">Cliquez ici pour lire l&rsquo;article depuis sa source.<\/a><\/p>\n","protected":false},"excerpt":{"rendered":"<p>Publi\u00e9 le 02.05.2021 \u00e0 17h18 par APA News Le pr\u00e9sident de la Commission \u00e9lectorale ind\u00e9pendante (CEI), Ibrahime Coulibaly-Kuibiert, a annonc\u00e9 mercredi une r\u00e9ouverture des candidatures pour la reprise partielles des \u00e9lections l\u00e9gislatives ivoiriennes \u00e0 S\u00e9gu\u00e9la et Mankono (Nord), du 29 avril au 8 mai 2021. Sur six circonscriptions \u00e9lectorales o\u00f9 le scrutin devrait \u00eatre repris [&hellip;]<\/p>\n","protected":false},"author":1965,"featured_media":0,"comment_status":"closed","ping_status":"closed","sticky":false,"template":"","format":"standard","meta":{"fifu_image_url":"","fifu_image_alt":"","footnotes":""},"categories":[73,82],"tags":[],"class_list":["post-116007","post","type-post","status-publish","format-standard","hentry","category-actualite","category-cameroun"],"_links":{"self":[{"href":"https:\/\/linitiative.ca\/International\/wp-json\/wp\/v2\/posts\/116007","targetHints":{"allow":["GET"]}}],"collection":[{"href":"https:\/\/linitiative.ca\/International\/wp-json\/wp\/v2\/posts"}],"about":[{"href":"https:\/\/linitiative.ca\/International\/wp-json\/wp\/v2\/types\/post"}],"author":[{"embeddable":true,"href":"https:\/\/linitiative.ca\/International\/wp-json\/wp\/v2\/users\/1965"}],"replies":[{"embeddable":true,"href":"https:\/\/linitiative.ca\/International\/wp-json\/wp\/v2\/comments?post=116007"}],"version-history":[{"count":0,"href":"https:\/\/linitiative.ca\/International\/wp-json\/wp\/v2\/posts\/116007\/revisions"}],"wp:attachment":[{"href":"https:\/\/linitiative.ca\/International\/wp-json\/wp\/v2\/media?parent=116007"}],"wp:term":[{"taxonomy":"category","embeddable":true,"href":"https:\/\/linitiative.ca\/International\/wp-json\/wp\/v2\/categories?post=116007"},{"taxonomy":"post_tag","embeddable":true,"href":"https:\/\/linitiative.ca\/International\/wp-json\/wp\/v2\/tags?post=116007"}],"curies":[{"name":"wp","href":"https:\/\/api.w.org\/{rel}","templated":true}]}}