{"id":116008,"date":"2021-05-02T14:18:01","date_gmt":"2021-05-02T18:18:01","guid":{"rendered":"https:\/\/linitiative.ca\/International\/le-president-de-la-caf-en-visite-en-cote-divoire-en-sierra-leone-et-au-liberia\/"},"modified":"2021-05-02T14:18:01","modified_gmt":"2021-05-02T18:18:01","slug":"le-president-de-la-caf-en-visite-en-cote-divoire-en-sierra-leone-et-au-liberia","status":"publish","type":"post","link":"https:\/\/linitiative.ca\/International\/le-president-de-la-caf-en-visite-en-cote-divoire-en-sierra-leone-et-au-liberia\/","title":{"rendered":"Le pr\u00e9sident de la CAF en visite en C\u00f4te d\u2019Ivoire, en Sierra Leone et au Lib\u00e9ria"},"content":{"rendered":"<div readability=\"32\">\n<p>Publi\u00e9 le 02.05.2021 \u00e0 19h18 par APA News<\/p>\n<\/div>\n<div readability=\"69\">\n<p>Le pr\u00e9sident de la Conf\u00e9d\u00e9ration africaine de football (CAF), Dr Patrice Motsepe, effectuera du 3 au 6 mai 2021 une visite en C\u00f4te d\u2019Ivoire, en Sierra Leone et au Lib\u00e9ria.<\/p>\n<p>Selon une note d\u2019information de l\u2019instance continentale du football transmise \u00e0 APA, dimanche, le pr\u00e9sident de la CAF, fera le mardi 4 mai \u00ab une annonce importante \u00e0 Abidjan, qui portera notamment sur le championnat panafricain interscolaire \u00bb.<\/p>\n<p>Sa d\u00e9l\u00e9gation sera compos\u00e9e des Vice-Pr\u00e9sidents de la CAF, Augustin Senghor, Ahmed Yahya, Suleiman Hassan Waberi, Seidou Mbombo Njoya, Kanizat Ibrahim, du Secr\u00e9taire G\u00e9n\u00e9ral de la CAF, V\u00e9ron Mosengo-Omba, des Pr\u00e9sidents des zones et des Pr\u00e9sidents de f\u00e9d\u00e9rations de la Zone Ouest-B.<\/p>\n<p>Le pr\u00e9sident de la F\u00e9d\u00e9ration internationale de football association (FIFA), Gianni Infantino, qui soutient le projet de championnat panafricain interscolaire, sera \u00e9galement pr\u00e9sent \u00e0 Abidjan, ajoute la m\u00eame note.<\/p>\n<p>Le pr\u00e9sident Motsepe se rendra ensuite \u00e0 Freetown le mercredi 5 mai 2021, avant de conclure sa visite \u00e0 Monrovia, le jeudi 6 mai 2021.<\/p>\n<\/div>\n<p>Auteur: APA News<br \/>\n<a href=\"https:\/\/www.journalducameroun.com\/le-president-de-la-caf-en-visite-en-cote-divoire-en-sierra-leone-et-au-liberia\/\">Cliquez ici pour lire l&rsquo;article depuis sa source.<\/a><\/p>\n","protected":false},"excerpt":{"rendered":"<p>Publi\u00e9 le 02.05.2021 \u00e0 19h18 par APA News Le pr\u00e9sident de la Conf\u00e9d\u00e9ration africaine de football (CAF), Dr Patrice Motsepe, effectuera du 3 au 6 mai 2021 une visite en C\u00f4te d\u2019Ivoire, en Sierra Leone et au Lib\u00e9ria. Selon une note d\u2019information de l\u2019instance continentale du football transmise \u00e0 APA, dimanche, le pr\u00e9sident de la [&hellip;]<\/p>\n","protected":false},"author":1965,"featured_media":0,"comment_status":"closed","ping_status":"closed","sticky":false,"template":"","format":"standard","meta":{"fifu_image_url":"","fifu_image_alt":"","footnotes":""},"categories":[73,82],"tags":[],"class_list":["post-116008","post","type-post","status-publish","format-standard","hentry","category-actualite","category-cameroun"],"_links":{"self":[{"href":"https:\/\/linitiative.ca\/International\/wp-json\/wp\/v2\/posts\/116008","targetHints":{"allow":["GET"]}}],"collection":[{"href":"https:\/\/linitiative.ca\/International\/wp-json\/wp\/v2\/posts"}],"about":[{"href":"https:\/\/linitiative.ca\/International\/wp-json\/wp\/v2\/types\/post"}],"author":[{"embeddable":true,"href":"https:\/\/linitiative.ca\/International\/wp-json\/wp\/v2\/users\/1965"}],"replies":[{"embeddable":true,"href":"https:\/\/linitiative.ca\/International\/wp-json\/wp\/v2\/comments?post=116008"}],"version-history":[{"count":0,"href":"https:\/\/linitiative.ca\/International\/wp-json\/wp\/v2\/posts\/116008\/revisions"}],"wp:attachment":[{"href":"https:\/\/linitiative.ca\/International\/wp-json\/wp\/v2\/media?parent=116008"}],"wp:term":[{"taxonomy":"category","embeddable":true,"href":"https:\/\/linitiative.ca\/International\/wp-json\/wp\/v2\/categories?post=116008"},{"taxonomy":"post_tag","embeddable":true,"href":"https:\/\/linitiative.ca\/International\/wp-json\/wp\/v2\/tags?post=116008"}],"curies":[{"name":"wp","href":"https:\/\/api.w.org\/{rel}","templated":true}]}}