{"id":116011,"date":"2021-05-03T10:00:42","date_gmt":"2021-05-03T14:00:42","guid":{"rendered":"https:\/\/linitiative.ca\/International\/quand-musulmans-juifs-et-chretiens-se-retrouvent\/"},"modified":"2021-05-03T10:00:42","modified_gmt":"2021-05-03T14:00:42","slug":"quand-musulmans-juifs-et-chretiens-se-retrouvent","status":"publish","type":"post","link":"https:\/\/linitiative.ca\/International\/quand-musulmans-juifs-et-chretiens-se-retrouvent\/","title":{"rendered":"Quand musulmans, juifs et chr\u00e9tiens se retrouvent"},"content":{"rendered":"<figure class=\"post-thumbnail\" itemprop=\"associatedMedia\" itemscope=\"itemscope\" itemtype=\"http:\/\/schema.org\/ImageObject\"><img decoding=\"async\" class=\"post_layout_5_img\" src=\"http:\/\/aujourdhui.ma\/wp-content\/uploads\/2018\/11\/Ahmed-GHAYET-1.jpg\" alt=\"Quand musulmans, juifs et chr\u00e9tiens se retrouvent\"\/><\/figure>\n<p><span class=\"c7\"><strong>Ce jeudi 29 avril \u00e9tait un jour de retrouvailles, Marocains Pluriels et le SOC Simon Pinto organisaient la 9\u00e8me \u00e9dition du Ftour Pluriel ! S\u2019\u00e9taient jointes \u00e0 eux deux nouveaux partenaires : les associations Essaouira Mogador et 2Pays-1 Coeur pour cette \u00e9dition virtuelle -pand\u00e9mie oblige.<\/strong><\/span><span id=\"more-375503\"\/><\/p>\n<p>Le succ\u00e8s de ce Ftour Pluriel Live montre \u00e0 quel point tout le monde a besoin de se retrouver, de communiquer, d\u2019\u00e9changer : le lendemain matin l\u2019\u00e9v\u00e9nement comptait 9000 vues, plus de 40 partag\u00e9s, 210 messages et 3300 likes sur les r\u00e9seaux sociaux\u2026 et les chiffres depuis n\u2019ont cess\u00e9 d\u2019augmenter. \u00c9motion, messages forts, moments festifs, interventions porteuses d\u2019espoir \u00e9taient les ingr\u00e9dients de cette recette de repas de rupture du je\u00fbne. Le mot d\u2019ouverture de M. Andr\u00e9 Azoulay \u2013 Conseiller de SM le Roi- fixait le cap d\u00e8s le d\u00e9but, le r\u00f4le tenu par le Maroc, la d\u00e9marche audacieuse de SM Mohammed VI, la mission phare de Bayt Dakira, lieu unique inaugur\u00e9 par le Souverain \u00e0 Essaouira et l\u2019exemple embl\u00e9matique de cette initiative du Ftour Pluriel \u2013 qui a fait des \u00e9mules dans de nombreux autres pays \u2013 sont ainsi autant de signes de la valeur d\u2019exemple de notre Nation.<\/p>\n<p>Les diplomates, amis du Maroc qui s\u2019\u00e9taient joints \u00e0 l\u2019initiative, allaient \u00e9galement dans ce sens : Madame H\u00e9l\u00e8ne Le Gal, ambassadrice de France, Monsieur Takashi Shinozuka, ambassadeur du Japon et Monsieur Lawrence M. Randolph, Consul g\u00e9n\u00e9ral des USA, se basant sur leur propre v\u00e9cu au Maroc \u00e9taient au diapason et l\u2019 on ressentait dans leurs interventions \u00e0 quel point une r\u00e9elle proximit\u00e9 r\u00e9gnait entre \u00abeux et nous\u00bb. L\u2019instant spiritualit\u00e9 de la soir\u00e9e a d\u2018ailleurs montr\u00e9 quant \u00e0 elle que les 3 religions qui vivent en harmonie sur notre sol sont ainsi que l\u2019a d\u00e9crit le jeune pr\u00e9sident de Mogajeunes, Otmane Mazzine, en fait une seule autoroute \u00e0 3 voies qui m\u00e8nent vers le m\u00eame but.<\/p>\n<p>Cette phrase restera comme la signature de cette 9\u00e8me \u00e9dition du Ftour Pluriel. Tant Monseigneur le Cardinal Cristobal Lopez \u2013 Archev\u00eaque de Rabatque Moulay Abdallah Cherif Ouazzani -Islamologue d\u2019une grande ouverture d\u2019esprit- que le Rabbin Sebag \u2013 le tr\u00e8s populaire Rabbin de la synagogue N\u00e9v\u00e9 Shalom, ont su trouver des mots quasi identiques pour nous rappeler ce qu\u2019\u00e9tait la foi, ce qu\u2019\u00e9tait la spiritualit\u00e9 et l\u2019importance d\u2019en pr\u00e9server l\u2019essence afin d\u2019en faire les voies de la paix et de la fraternit\u00e9. Les paroles et les chants de ceux qui \u00e9taient appel\u00e9s les \u00abporteurs du vivre ensemble\u00bb au cours de la soir\u00e9e ont apport\u00e9 de leur c\u00f4t\u00e9 l\u2019aspect festif, convivial, joyeux du Ftour Pluriel : les Batteurs pour la Paix de Khalid Bazi, Hicham Dinar Souiri, Lala Tamar, Marie Yannick Iro, l\u2019Orchestre andalou de Ashdod, Maxime Karouchi et Coco Diam\u2019s et une vid\u00e9o accompagn\u00e9e d\u2019un message de Raymonde Al Bidaouia ont su faire oublier la pand\u00e9mie, les craintes du lendemain, la pesanteur des gestes de s\u00e9curit\u00e9 sanitaire\u2026 pour retrouver l\u2019entrain, la joie de vivre, l\u2019envie de chanter et de danser qui caract\u00e9risent les Marocain(e)s o\u00f9 qu\u2019ils vivent.<\/p>\n<p>Apr\u00e8s le mot de Pierre Sibony -pr\u00e9sident du SOC Simon Pinto- partenaire de toujours du Ftour Pluriel- 3 jeunes responsables associatifs, d\u00e9bordant d\u2019\u00e9nergie et d\u2019optimisme, ont apport\u00e9 la touche finale \u00e0 la soir\u00e9e : celle de l\u2019avenir ! Tariq Ottmani, Otmane Mazzine et Samy Benlahcen se sont pos\u00e9s comme les h\u00e9ritiers de cette sp\u00e9cificit\u00e9 marocaine, y ajoutant celle du renouveau et de l\u2019innovation.<\/p>\n<p>Oui, d\u00e9cid\u00e9ment le Maroc est une \u00e9cole, un phare, le message de cette soir\u00e9e est d\u00e9j\u00e0 parti \u00e0 la conqu\u00eate de nouvelles terres\u2026<\/p>\n<p>Auteur: Ahmed GHAYET<br \/>\n<a href=\"https:\/\/aujourdhui.ma\/chroniques\/quand-musulmans-juifs-et-chretiens-se-retrouvent\">Cliquez ici pour lire l&rsquo;article depuis sa source.<\/a><\/p>\n","protected":false},"excerpt":{"rendered":"<p>Ce jeudi 29 avril \u00e9tait un jour de retrouvailles, Marocains Pluriels et le SOC Simon Pinto organisaient la 9\u00e8me \u00e9dition du Ftour Pluriel ! S\u2019\u00e9taient jointes \u00e0 eux deux nouveaux partenaires : les associations Essaouira Mogador et 2Pays-1 Coeur pour cette \u00e9dition virtuelle -pand\u00e9mie oblige. Le succ\u00e8s de ce Ftour Pluriel Live montre \u00e0 quel [&hellip;]<\/p>\n","protected":false},"author":1759,"featured_media":0,"comment_status":"closed","ping_status":"closed","sticky":false,"template":"","format":"standard","meta":{"fifu_image_url":"http:\/\/aujourdhui.ma\/wp-content\/uploads\/2018\/11\/Ahmed-GHAYET-1.jpg","fifu_image_alt":"Quand musulmans, juifs et chr\u00e9tiens se retrouvent","footnotes":""},"categories":[73,54],"tags":[],"class_list":["post-116011","post","type-post","status-publish","format-standard","hentry","category-actualite","category-maroc"],"_links":{"self":[{"href":"https:\/\/linitiative.ca\/International\/wp-json\/wp\/v2\/posts\/116011","targetHints":{"allow":["GET"]}}],"collection":[{"href":"https:\/\/linitiative.ca\/International\/wp-json\/wp\/v2\/posts"}],"about":[{"href":"https:\/\/linitiative.ca\/International\/wp-json\/wp\/v2\/types\/post"}],"author":[{"embeddable":true,"href":"https:\/\/linitiative.ca\/International\/wp-json\/wp\/v2\/users\/1759"}],"replies":[{"embeddable":true,"href":"https:\/\/linitiative.ca\/International\/wp-json\/wp\/v2\/comments?post=116011"}],"version-history":[{"count":0,"href":"https:\/\/linitiative.ca\/International\/wp-json\/wp\/v2\/posts\/116011\/revisions"}],"wp:attachment":[{"href":"https:\/\/linitiative.ca\/International\/wp-json\/wp\/v2\/media?parent=116011"}],"wp:term":[{"taxonomy":"category","embeddable":true,"href":"https:\/\/linitiative.ca\/International\/wp-json\/wp\/v2\/categories?post=116011"},{"taxonomy":"post_tag","embeddable":true,"href":"https:\/\/linitiative.ca\/International\/wp-json\/wp\/v2\/tags?post=116011"}],"curies":[{"name":"wp","href":"https:\/\/api.w.org\/{rel}","templated":true}]}}