{"id":116013,"date":"2021-05-03T11:06:01","date_gmt":"2021-05-03T15:06:01","guid":{"rendered":"https:\/\/linitiative.ca\/International\/la-situation-des-entreprises-de-presse-au-centre-dune-reunion-entre-lanme-et-le-ministre-el-ferdaous\/"},"modified":"2021-05-03T11:06:01","modified_gmt":"2021-05-03T15:06:01","slug":"la-situation-des-entreprises-de-presse-au-centre-dune-reunion-entre-lanme-et-le-ministre-el-ferdaous","status":"publish","type":"post","link":"https:\/\/linitiative.ca\/International\/la-situation-des-entreprises-de-presse-au-centre-dune-reunion-entre-lanme-et-le-ministre-el-ferdaous\/","title":{"rendered":"La situation des entreprises de presse au centre d\u2019une r\u00e9union entre l\u2019ANME et le ministre El Ferdaous"},"content":{"rendered":"<header>\n<\/header>\n<div class=\"entry-content clearfix\" readability=\"62\">\n<figure class=\"post-thumbnail\" itemprop=\"associatedMedia\" itemscope=\"itemscope\" itemtype=\"http:\/\/schema.org\/ImageObject\"><img decoding=\"async\" class=\"post_layout_5_img\" src=\"http:\/\/aujourdhui.ma\/wp-content\/uploads\/2021\/05\/re\u0301union-entre-lANME-et-le-ministre-El-Ferdaous.jpg\" alt=\"La situation des entreprises de presse au centre d\u2019une r\u00e9union entre l\u2019ANME et le ministre El Ferdaous\"\/><\/figure>\n<p><span class=\"c7\"><strong>La situation difficile des entreprises de presse \u00e0 la lumi\u00e8re de la pand\u00e9mie de covid-19, a \u00e9t\u00e9 au centre d\u2019une r\u00e9union lundi \u00e0 Rabat entre le ministre de la Culture, de la Jeunesse et des Sports, Othman El Ferdaous, et une d\u00e9l\u00e9gation repr\u00e9sentant l\u2019Association nationale des m\u00e9dias et des \u00e9diteurs (ANME).<\/strong><\/span><br \/><span class=\"c8\"\/><\/p>\n<p>Selon un communiqu\u00e9 de l\u2019Association nationale des m\u00e9dias et des \u00e9diteurs, la d\u00e9l\u00e9gation conduite par le pr\u00e9sident de l\u2019ANME, Abdelmounaim Dilami, et compos\u00e9e de Fatima Zahra Ouriaghli, Ibrahim Mansour et Aziz Daki, a appel\u00e9 le ministre \u00e0 lui apporter son soutien dans le d\u00e9bat qu\u2019elle veut entamer avec les grands groupes mondiaux (GAFA) apr\u00e8s l\u2019avoir inform\u00e9 des d\u00e9marches qu\u2019elle compte entreprendre \u00e0 cet effet.<\/p>\n<p>La m\u00eame source a indiqu\u00e9 que le ministre a promis de ne m\u00e9nager aucun effort d\u2019une part, pour soutenir toutes les d\u00e9marches que l\u2019ANME souhaite entreprendre pour le d\u00e9veloppement du secteur et d\u2019autre part, \u0153uvrer en vue de continuer \u00e0 soutenir les entreprises de presse durant les trois prochains mois.<\/p>\n<p>A cet \u00e9gard, M. El Ferdaous a relev\u00e9 que les arri\u00e9r\u00e9s de cotisations de s\u00e9curit\u00e9 sociale ont \u00e9t\u00e9 vers\u00e9es et qu\u2019elles \u00e9taient en cours de traitement par la Caisse nationale de s\u00e9curit\u00e9 sociale (CNSS).<br \/>Il a \u00e9galement soulign\u00e9 l\u2019attachement du minist\u00e8re \u00e0 investir toutes les pistes permettant de soutenir le secteur et les entreprises de presse dans le but de servir la profession et la mission qu\u2019elle d\u00e9fend.<\/p>\n<\/div>\n<p>Auteur: ALM<br \/>\n<a href=\"https:\/\/aujourdhui.ma\/actualite\/la-situation-des-entreprises-de-presse-au-centre-dune-reunion-entre-lanme-et-le-ministre-el-ferdaous\">Cliquez ici pour lire l&rsquo;article depuis sa source.<\/a><\/p>\n","protected":false},"excerpt":{"rendered":"<p>La situation difficile des entreprises de presse \u00e0 la lumi\u00e8re de la pand\u00e9mie de covid-19, a \u00e9t\u00e9 au centre d\u2019une r\u00e9union lundi \u00e0 Rabat entre le ministre de la Culture, de la Jeunesse et des Sports, Othman El Ferdaous, et une d\u00e9l\u00e9gation repr\u00e9sentant l\u2019Association nationale des m\u00e9dias et des \u00e9diteurs (ANME). Selon un communiqu\u00e9 de [&hellip;]<\/p>\n","protected":false},"author":1759,"featured_media":0,"comment_status":"closed","ping_status":"closed","sticky":false,"template":"","format":"standard","meta":{"fifu_image_url":"http:\/\/aujourdhui.ma\/wp-content\/uploads\/2021\/05\/re\u0301union-entre-lANME-et-le-ministre-El-Ferdaous.jpg","fifu_image_alt":"La situation des entreprises de presse au centre d\u2019une r\u00e9union entre l\u2019ANME et le ministre El Ferdaous","footnotes":""},"categories":[73,54],"tags":[],"class_list":["post-116013","post","type-post","status-publish","format-standard","hentry","category-actualite","category-maroc"],"_links":{"self":[{"href":"https:\/\/linitiative.ca\/International\/wp-json\/wp\/v2\/posts\/116013","targetHints":{"allow":["GET"]}}],"collection":[{"href":"https:\/\/linitiative.ca\/International\/wp-json\/wp\/v2\/posts"}],"about":[{"href":"https:\/\/linitiative.ca\/International\/wp-json\/wp\/v2\/types\/post"}],"author":[{"embeddable":true,"href":"https:\/\/linitiative.ca\/International\/wp-json\/wp\/v2\/users\/1759"}],"replies":[{"embeddable":true,"href":"https:\/\/linitiative.ca\/International\/wp-json\/wp\/v2\/comments?post=116013"}],"version-history":[{"count":0,"href":"https:\/\/linitiative.ca\/International\/wp-json\/wp\/v2\/posts\/116013\/revisions"}],"wp:attachment":[{"href":"https:\/\/linitiative.ca\/International\/wp-json\/wp\/v2\/media?parent=116013"}],"wp:term":[{"taxonomy":"category","embeddable":true,"href":"https:\/\/linitiative.ca\/International\/wp-json\/wp\/v2\/categories?post=116013"},{"taxonomy":"post_tag","embeddable":true,"href":"https:\/\/linitiative.ca\/International\/wp-json\/wp\/v2\/tags?post=116013"}],"curies":[{"name":"wp","href":"https:\/\/api.w.org\/{rel}","templated":true}]}}