{"id":116015,"date":"2021-05-02T14:00:50","date_gmt":"2021-05-02T18:00:50","guid":{"rendered":"https:\/\/linitiative.ca\/International\/%ef%bb%bfasie-centrale-combats-entre-le-tadjikistan-et-le-kirghizistan\/"},"modified":"2021-05-02T14:00:50","modified_gmt":"2021-05-02T18:00:50","slug":"%ef%bb%bfasie-centrale-combats-entre-le-tadjikistan-et-le-kirghizistan","status":"publish","type":"post","link":"https:\/\/linitiative.ca\/International\/%ef%bb%bfasie-centrale-combats-entre-le-tadjikistan-et-le-kirghizistan\/","title":{"rendered":"\ufeffAsie Centrale : Combats entre le Tadjikistan et le Kirghizistan"},"content":{"rendered":"<div>\n<p style=\"text-align:center\" class=\"has-text-color has-vivid-red-color\"><strong>Attendons pour voir\u2026<\/strong><\/p>\n<p class=\"has-text-color has-vivid-cyan-blue-color\"><strong>Si ces deux pays d\u2019Asie Centrale que sont le Kirghizistan et le Tadjikistan s\u2019affrontent, depuis des d\u00e9cennies, pour des terres o\u00f9 coule l\u2019eau douce que chacun revendique comme \u00e9tant siennes, il y a lieu de signaler que, ce jeudi, la tension a atteint son paroxysme et que leur affrontement a pris une tournure dramatique.<\/strong><\/p>\n<p>Les d\u00e9saccords frontaliers entre le<br \/>\nKirghizistan, le Tadjikistan et l\u2019Ouzb\u00e9kistan qui se partagent la fertile<br \/>\nvall\u00e9e de la Fergana d\u00e9coulent des d\u00e9marcations qui, \u00e0 l\u2019\u00e9poque sovi\u00e9tique,<br \/>\navaient s\u00e9par\u00e9 certains groupes de leur pays d\u2019origine. Raison pour laquelle,<br \/>\npr\u00e8s d\u2019un tiers de la fronti\u00e8re kirghizo-tadjike fait l\u2019objet de contestations<br \/>\nentre les deux pays. C\u2019est le cas notamment de la zone entourant l\u2019enclave<br \/>\ntadjike de Vorukh qui est r\u00e9guli\u00e8rement la pierre d\u2019achoppement de<br \/>\nrevendications territoriales li\u00e9es notamment \u00e0 l\u2019acc\u00e8s \u00e0 l\u2019eau.<\/p>\n<p>Les deux pays se sont mutuellement<br \/>\nrejet\u00e9 la responsabilit\u00e9 des accrochages qui ont \u00e9clat\u00e9, ce jeudi, et qui<br \/>\nont\u00a0 \u00e9t\u00e9 les plus violents de ces derni\u00e8res ann\u00e9es puisque d\u2019apr\u00e8s un<br \/>\nrepr\u00e9sentant de la police de la r\u00e9gion de Batken, frontali\u00e8re avec le<br \/>\nTadjikistan, les tirs se sont poursuivis pendant une bonne partie de la nuit<br \/>\nm\u00eame s\u2019ils n\u2019avaient pas eu lieu de \u00abmani\u00e8re intensive\u00bb.<\/p>\n<p>Mais si, \u00e0 en croire le Comit\u00e9 national<br \/>\nde s\u00e9curit\u00e9 kirghize, c\u2019est le Tadjikistan qui aurait \u00ab\u00a0d\u00e9lib\u00e9r\u00e9ment<br \/>\nprovoqu\u00e9 ce conflit\u00a0frontalier\u00bb apr\u00e8s avoir \u00abinstall\u00e9 des positions pour effectuer<br \/>\ndes tirs de mortiers\u00bb, le Conseil national de S\u00e9curit\u00e9 Tadjike affirme, pour sa<br \/>\npart, que c\u2019est l\u2019arm\u00e9e kirghize qui a ouvert le feu sur des soldats tadjikes<br \/>\napr\u00e8s que la veille des civils kirghizes aient bless\u00e9s sept tadjikes \u00e0 l\u2019aide<br \/>\nde jets de pierres.<\/p>\n<p>Aux dires des autorit\u00e9s kirghizes, les<br \/>\naffrontements entre les soldats des deux bords se seraient sold\u00e9s par 13 morts<br \/>\ndont une jeune enfant de 13 ans, 134 bless\u00e9s dont deux dans un \u00e9tat tr\u00e8s grave<br \/>\net par le d\u00e9placement, dans des \u00a0lieux sp\u00e9cialement am\u00e9nag\u00e9s \u00e0 cet effet<br \/>\nou chez des membres de leurs familles, des 11.500 personnes qui habitaient dans<br \/>\nles deux districts de la r\u00e9gion de Batken.<\/p>\n<p>Mais si les autorit\u00e9s du Tadjikistan<br \/>\nn\u2019ont fait \u00e9tat que de deux personnes bless\u00e9es par balles, l\u2019agence de presse<br \/>\nrusse Ria-Novosti, citant une source proche de la mairie de la ville<br \/>\nfrontali\u00e8re d\u2019Isfara, a rapport\u00e9, de son c\u00f4t\u00e9, la\u00a0 mort d\u2019au moins 3<br \/>\npersonnes et 31 bless\u00e9s.<\/p>\n<p>Ce qui est certain c\u2019est que ce jeudi<br \/>\napr\u00e8s-midi, la diplomatie kirghize a annonc\u00e9 que les ministres des Affaires<br \/>\n\u00e9trang\u00e8res des deux pays avaient convenu d\u2019 \u00ab\u00a0une tr\u00eave compl\u00e8te\u00a0\u00bb \u00e0<br \/>\npartir de 20 h (14 h GMT) et du \u00abretour des troupes vers leurs lieux de<br \/>\nd\u00e9ploiement\u00bb et que le vendredi matin un communiqu\u00e9 du Service d\u2019Information de<br \/>\nl\u2019Etat du Tadjikistan a affirm\u00e9, pour sa part, que les deux parties \u00e9taient<br \/>\nparvenues \u00ab\u00e0 un accord mutuel pour mettre fin au conflit arm\u00e9 et retirer le<br \/>\npersonnel et l\u2019\u00e9quipement militaire vers leurs lieux de d\u00e9ploiement permanent\u00bb;<br \/>\nautrement dit, pour renvoyer les soldats \u00e0 leurs casernes.<\/p>\n<p>Pour rappel, en d\u00e9pit de la poign\u00e9e de<br \/>\nmains symbolique en Juillet 2019 entre le dirigeant tadjik Emomali Rakhmon et<br \/>\nson homologue kirghize de l\u2019\u00e9poque Sooronbai Jeenbekov, trois garde-fronti\u00e8res<br \/>\ntadjiks et un kirghize avaient \u00e9t\u00e9 tu\u00e9s lors d\u2019\u00e9changes de tirs deux mois plus<br \/>\ntard et, \u00e0 ce jour, les discussions sur la \u00abd\u00e9limitation des fronti\u00e8res\u00a0<br \/>\n(et) le r\u00e8glement des conflits frontaliers\u00bb n\u2019ont toujours pas abouti.<\/p>\n<p>Ces n\u00e9gociations aboutiront-elles un<br \/>\njour prochain et permettront-elles aux deux pays d\u2019enterrer la hache de guerre<br \/>\net d\u2019\u0153uvrer ensemble pour la pr\u00e9servation de la concorde et de la paix ?<\/p>\n<p><strong>Attendons pour voir\u2026<\/strong><\/p>\n<p>L\u2019article <a rel=\"nofollow\" href=\"http:\/\/albayane.press.ma\/%EF%BB%BFasie-centrale-combats-entre-le-tadjikistan-et-le-kirghizistan.html\">\ufeffAsie Centrale : Combats entre le Tadjikistan et le Kirghizistan<\/a> est apparu en premier sur <a rel=\"nofollow\" href=\"http:\/\/albayane.press.ma\/\">ALBAYANE<\/a>.<\/p>\n<\/div>\n<p>Auteur: M&rsquo;hammed rahal<br \/>\n<a href=\"http:\/\/albayane.press.ma\/%EF%BB%BFasie-centrale-combats-entre-le-tadjikistan-et-le-kirghizistan.html\">Cliquez ici pour lire l&rsquo;article depuis sa source.<\/a><\/p>\n","protected":false},"excerpt":{"rendered":"<p>Attendons pour voir\u2026 Si ces deux pays d\u2019Asie Centrale que sont le Kirghizistan et le Tadjikistan s\u2019affrontent, depuis des d\u00e9cennies, pour des terres o\u00f9 coule l\u2019eau douce que chacun revendique comme \u00e9tant siennes, il y a lieu de signaler que, ce jeudi, la tension a atteint son paroxysme et que leur affrontement a pris une [&hellip;]<\/p>\n","protected":false},"author":1760,"featured_media":0,"comment_status":"closed","ping_status":"closed","sticky":false,"template":"","format":"standard","meta":{"fifu_image_url":"","fifu_image_alt":"","footnotes":""},"categories":[73,54],"tags":[],"class_list":["post-116015","post","type-post","status-publish","format-standard","hentry","category-actualite","category-maroc"],"_links":{"self":[{"href":"https:\/\/linitiative.ca\/International\/wp-json\/wp\/v2\/posts\/116015","targetHints":{"allow":["GET"]}}],"collection":[{"href":"https:\/\/linitiative.ca\/International\/wp-json\/wp\/v2\/posts"}],"about":[{"href":"https:\/\/linitiative.ca\/International\/wp-json\/wp\/v2\/types\/post"}],"author":[{"embeddable":true,"href":"https:\/\/linitiative.ca\/International\/wp-json\/wp\/v2\/users\/1760"}],"replies":[{"embeddable":true,"href":"https:\/\/linitiative.ca\/International\/wp-json\/wp\/v2\/comments?post=116015"}],"version-history":[{"count":0,"href":"https:\/\/linitiative.ca\/International\/wp-json\/wp\/v2\/posts\/116015\/revisions"}],"wp:attachment":[{"href":"https:\/\/linitiative.ca\/International\/wp-json\/wp\/v2\/media?parent=116015"}],"wp:term":[{"taxonomy":"category","embeddable":true,"href":"https:\/\/linitiative.ca\/International\/wp-json\/wp\/v2\/categories?post=116015"},{"taxonomy":"post_tag","embeddable":true,"href":"https:\/\/linitiative.ca\/International\/wp-json\/wp\/v2\/tags?post=116015"}],"curies":[{"name":"wp","href":"https:\/\/api.w.org\/{rel}","templated":true}]}}