{"id":116016,"date":"2021-05-02T14:00:51","date_gmt":"2021-05-02T18:00:51","guid":{"rendered":"https:\/\/linitiative.ca\/International\/premier-league-chelsea-et-ziyech-victorieux-contre-fulham\/"},"modified":"2021-05-02T14:00:51","modified_gmt":"2021-05-02T18:00:51","slug":"premier-league-chelsea-et-ziyech-victorieux-contre-fulham","status":"publish","type":"post","link":"https:\/\/linitiative.ca\/International\/premier-league-chelsea-et-ziyech-victorieux-contre-fulham\/","title":{"rendered":"Premier League. Chelsea et Ziyech victorieux contre Fulham"},"content":{"rendered":"<div>\n<p class=\"has-text-color has-vivid-cyan-blue-color\"><strong>Gr\u00e2ce \u00e0 un doubl\u00e9 de Ka\u00ef Havertz, titularis\u00e9 en pointe, alors que Tom Werner \u00e9tait \u00e0 droite et Hakim Ziyech \u00e0 gauche, \u00a0les Londoniens ont assez facilement pris la mesure de Cottagers qui semblent promis \u00e0 la rel\u00e9gation en Championship (D2) avec leur 9 points de retard sur Newcastle (17e), alors qu\u2019ils ont un match en plus.<\/strong><\/p>\n<p>Les hommes de Thomas Tuchel ont pris l\u2019avantage<br \/>\nsur une action simplissime: une longue ouverture de Thiago Silva sur Mason<br \/>\nMount qui a parfaitement trouv\u00e9 Havertz dans l\u2019intervalle pour marquer<br \/>\ntranquillement (1-0, 10e).<\/p>\n<p>Le second but est venu apr\u00e8s un une-deux entre<br \/>\nles deux attaquants allemands, Werner temporisant parfaitement pour permettre \u00e0<br \/>\nHavertz de se faufiler entre les d\u00e9fenseurs adverses pour marquer \u00e0 nouveau de<br \/>\npr\u00e8s (2-0, 49e).<\/p>\n<p>Avec seulement 5 tirs,<br \/>\ndont 4 cadr\u00e9s, l\u2019attaque des Blues ne fait pas forc\u00e9ment peur, mais le Real,<br \/>\nqui devra venir faire un r\u00e9sultat \u00e0 Stamford Bridge, sait que la moindre erreur<br \/>\npourra se payer cash.<\/p>\n<p>L\u2019article <a rel=\"nofollow\" href=\"http:\/\/albayane.press.ma\/premier-league-chelsea-et-ziyech-victorieux-contre-fulham.html\">Premier League. Chelsea et Ziyech victorieux contre Fulham<\/a> est apparu en premier sur <a rel=\"nofollow\" href=\"http:\/\/albayane.press.ma\/\">ALBAYANE<\/a>.<\/p>\n<\/div>\n<p>Auteur: M&rsquo;hammed rahal<br \/>\n<a href=\"http:\/\/albayane.press.ma\/premier-league-chelsea-et-ziyech-victorieux-contre-fulham.html\">Cliquez ici pour lire l&rsquo;article depuis sa source.<\/a><\/p>\n","protected":false},"excerpt":{"rendered":"<p>Gr\u00e2ce \u00e0 un doubl\u00e9 de Ka\u00ef Havertz, titularis\u00e9 en pointe, alors que Tom Werner \u00e9tait \u00e0 droite et Hakim Ziyech \u00e0 gauche, \u00a0les Londoniens ont assez facilement pris la mesure de Cottagers qui semblent promis \u00e0 la rel\u00e9gation en Championship (D2) avec leur 9 points de retard sur Newcastle (17e), alors qu\u2019ils ont un match [&hellip;]<\/p>\n","protected":false},"author":1760,"featured_media":0,"comment_status":"closed","ping_status":"closed","sticky":false,"template":"","format":"standard","meta":{"fifu_image_url":"","fifu_image_alt":"","footnotes":""},"categories":[73,54],"tags":[],"class_list":["post-116016","post","type-post","status-publish","format-standard","hentry","category-actualite","category-maroc"],"_links":{"self":[{"href":"https:\/\/linitiative.ca\/International\/wp-json\/wp\/v2\/posts\/116016","targetHints":{"allow":["GET"]}}],"collection":[{"href":"https:\/\/linitiative.ca\/International\/wp-json\/wp\/v2\/posts"}],"about":[{"href":"https:\/\/linitiative.ca\/International\/wp-json\/wp\/v2\/types\/post"}],"author":[{"embeddable":true,"href":"https:\/\/linitiative.ca\/International\/wp-json\/wp\/v2\/users\/1760"}],"replies":[{"embeddable":true,"href":"https:\/\/linitiative.ca\/International\/wp-json\/wp\/v2\/comments?post=116016"}],"version-history":[{"count":0,"href":"https:\/\/linitiative.ca\/International\/wp-json\/wp\/v2\/posts\/116016\/revisions"}],"wp:attachment":[{"href":"https:\/\/linitiative.ca\/International\/wp-json\/wp\/v2\/media?parent=116016"}],"wp:term":[{"taxonomy":"category","embeddable":true,"href":"https:\/\/linitiative.ca\/International\/wp-json\/wp\/v2\/categories?post=116016"},{"taxonomy":"post_tag","embeddable":true,"href":"https:\/\/linitiative.ca\/International\/wp-json\/wp\/v2\/tags?post=116016"}],"curies":[{"name":"wp","href":"https:\/\/api.w.org\/{rel}","templated":true}]}}