{"id":116017,"date":"2021-05-02T14:00:52","date_gmt":"2021-05-02T18:00:52","guid":{"rendered":"https:\/\/linitiative.ca\/International\/%ef%bb%bfdes-corteges-en-france-en-espagne-et-a-berlin-malgre-le-covid\/"},"modified":"2021-05-02T14:00:52","modified_gmt":"2021-05-02T18:00:52","slug":"%ef%bb%bfdes-corteges-en-france-en-espagne-et-a-berlin-malgre-le-covid","status":"publish","type":"post","link":"https:\/\/linitiative.ca\/International\/%ef%bb%bfdes-corteges-en-france-en-espagne-et-a-berlin-malgre-le-covid\/","title":{"rendered":"\ufeffDes cort\u00e8ges en France, en Espagne et \u00e0 Berlin, malgr\u00e9 le Covid"},"content":{"rendered":"<div>\n<p style=\"text-align:center\" class=\"has-text-color has-vivid-red-color\"><strong>C\u00e9l\u00e9bration du 1<sup>er<\/sup> Mai<\/strong><\/p>\n<p class=\"has-text-color has-vivid-cyan-blue-color\"><strong>Des manifestations, qui ont donn\u00e9 lieu \u00e0 quelques \u00e9chauffour\u00e9es, ont c\u00e9l\u00e9br\u00e9 samedi, en France, en Espagne et \u00e0 Berlin, la journ\u00e9e internationale des travailleurs en d\u00e9pit des restrictions impos\u00e9es par la pand\u00e9mie de Covid-19.<\/strong><\/p>\n<p>En France, les<br \/>\ncort\u00e8ges ont rassembl\u00e9, selon le syndicat CGT, plus de 170.000 personnes, un<br \/>\nchiffre que le gouvernement estime plut\u00f4t \u00e0 un peu plus de 106.000.<\/p>\n<p>A Paris, peu<br \/>\navant le d\u00e9part du cort\u00e8ge de plusieurs milliers de personnes, le secr\u00e9taire<br \/>\ng\u00e9n\u00e9ral de la CGT Philippe Martinez a rappel\u00e9 qu\u2019il y avait eu \u00abbeaucoup de<br \/>\nfrustration\u00bb l\u2019an dernier avec un 1er-Mai confin\u00e9. Il s\u2019est r\u00e9joui de reprendre<br \/>\nainsi les \u00abbonnes habitudes\u00bb.<\/p>\n<p>De brefs<br \/>\naffrontements ont oppos\u00e9, dans plusieurs villes dont Paris, des membres de la<br \/>\nmouvance d\u2019extr\u00eame gauche violente Black Block et les forces de l\u2019ordre, avec<br \/>\ndes jets de grenades lacrymog\u00e8nes et quelques arrestations.<\/p>\n<p>Six policiers<br \/>\nont \u00e9t\u00e9 bless\u00e9s en France, dont trois \u00e0 Paris, ont indiqu\u00e9 les autorit\u00e9s. Pour<br \/>\nsa part, la CGT a assur\u00e9 que 21 personnes membres de leur cort\u00e8ge ont \u00e9t\u00e9<br \/>\nbless\u00e9es, dont quatre graves, par \u00abun groupe d\u2019individus\u00bb \u00e0 la fin de la<br \/>\nmanifestation parisienne.<\/p>\n<p>En Espagne, le<br \/>\nnombre de participants aux manifestations a \u00e9t\u00e9 limit\u00e9 pour cause de pand\u00e9mie:<br \/>\nils \u00e9taient ainsi un millier \u00e0 Madrid, entre la mairie et la place de la Puerta<br \/>\ndel Sol.<\/p>\n<p>Dans la capitale<br \/>\nallemande, des \u00e9chauffour\u00e9es ont eu lieu en marge d\u2019une manifestation du 1er<br \/>\nmai \u00e0 Berlin o\u00f9 les forces de l\u2019ordre ont annonc\u00e9 l\u2019interruption du<br \/>\nrassemblement dans la soir\u00e9e apr\u00e8s avoir \u00e9t\u00e9, selon elles, attaqu\u00e9es par des<br \/>\njets de pierre et de bouteille.<\/p>\n<p>En d\u00e9but de<br \/>\nsoir\u00e9e, de brefs incidents ont oppos\u00e9 des membres de la mouvance d\u2019extr\u00eame<br \/>\ngauche violente Black Block et les forces de l\u2019ordre notamment quand ces<br \/>\nderni\u00e8res ont \u00e9vacu\u00e9 certains d\u2019entre eux de la manifestation, a constat\u00e9 une<br \/>\njournaliste de l\u2019AFP.<\/p>\n<p>Une vingtaine de<br \/>\nrassemblements ont eu lieu \u00e0 Berlin, avec des mots d\u2019ordre allant de la hausse<br \/>\ndes loyers \u00e0 la politique migratoire en passant par l\u2019opposition aux mesures de<br \/>\nrestrictions li\u00e9es \u00e0 la pand\u00e9mie.<\/p>\n<p>La CGT, qui a<br \/>\ncomptabilis\u00e9 en France pr\u00e8s de 300 manifestations, avait appel\u00e9, avec les<br \/>\nsyndicats FO, FSU et Solidaires \u00e0 faire de ce 1er-Mai une journ\u00e9e \u00abpour<br \/>\nl\u2019emploi, les salaires, les services publics, la protection sociale, les<br \/>\nlibert\u00e9s et la paix dans le monde\u00bb.<\/p>\n<p>Emploi,<br \/>\nsalaires, gestion de la crise Covid par le gouvernement, restrictions des<br \/>\nlibert\u00e9s\u2026: dans les cort\u00e8ges, les revendications \u00e9taient vari\u00e9es, la<br \/>\ncontestation de la r\u00e9forme de l\u2019assurance-ch\u00f4mage, qui doit entrer en vigueur<br \/>\nle 1er juillet, revenant de fa\u00e7on r\u00e9currente.<\/p>\n<p>\u00abOn a beaucoup<br \/>\nde raisons de venir manifester: le contexte sanitaire, social,<br \/>\nl\u2019appauvrissement global de la soci\u00e9t\u00e9\u00bb, a affirm\u00e9 \u00e0 Lyon (centre-Est) Ivan<br \/>\nGineste, 50 ans, employ\u00e9 dans un lyc\u00e9e de la ville.<\/p>\n<p>Dans le cort\u00e8ge<br \/>\n\u00e0 Strasbourg (Est), Clarisse Daull, retrait\u00e9e de l\u2019\u00e9dition, a rapport\u00e9 avoir eu<br \/>\nenvie \u00abde venir deux fois\u00bb, ayant \u00abbeaucoup souffert de ne pas d\u00e9filer l\u2019an<br \/>\ndernier\u00bb. \u00abDepuis un an, il n\u2019y a qu\u2019un seul sujet, c\u2019est le Covid\u00bb alors que \u00ables<br \/>\ntravailleurs continuent \u00e0 souffrir\u00bb, a-t-elle d\u00e9plor\u00e9.<\/p>\n<p>Mettant en avant<br \/>\nle risque sanitaire, un autre important syndicat, la CFDT, avait opt\u00e9 pour un<br \/>\nrassemblement virtuel sur Facebook avec des militants.<\/p>\n<p>Dans la capitale<br \/>\nespagnole, les dirigeants syndicaux Pepe Alvarez (UGT) et Unai Sordo (CCOO),<br \/>\ndans leurs discours, ont demand\u00e9 au gouvernement de tenir des engagements pris<br \/>\nmais diff\u00e9r\u00e9s par la pand\u00e9mie, comme renoncer \u00e0 une r\u00e9forme controvers\u00e9e des<br \/>\nlois sur le travail, augmenter le salaire minimum et adopter une loi sur<br \/>\nl\u2019\u00e9galit\u00e9 de salaire homme-femmes.<\/p>\n<p>La ministre du<br \/>\nTravail Yolanda Diaz, qui s\u2019est adress\u00e9e aux manifestants \u00e0 Madrid, a d\u00e9clar\u00e9<br \/>\nque \u00abce 1er mai n\u2019est pas n\u2019importe quel jour, parce que les valeurs d\u2019emploi<br \/>\ndigne, de solidarit\u00e9, d\u2019\u00e9galit\u00e9 et de justice sociale (\u2026) sont sans aucun<br \/>\ndoute les r\u00e9ponses les plus efficaces \u00e0 la crise sociale et \u00e9conomique que nous<br \/>\ntraversons\u00bb.<\/p>\n<p>L\u2019article <a rel=\"nofollow\" href=\"http:\/\/albayane.press.ma\/%EF%BB%BFdes-corteges-en-france-en-espagne-et-a-berlin-malgre-le-covid.html\">\ufeffDes cort\u00e8ges en France, en Espagne et \u00e0 Berlin, malgr\u00e9 le Covid<\/a> est apparu en premier sur <a rel=\"nofollow\" href=\"http:\/\/albayane.press.ma\/\">ALBAYANE<\/a>.<\/p>\n<\/div>\n<p>Auteur: M&rsquo;hammed rahal<br \/>\n<a href=\"http:\/\/albayane.press.ma\/%EF%BB%BFdes-corteges-en-france-en-espagne-et-a-berlin-malgre-le-covid.html\">Cliquez ici pour lire l&rsquo;article depuis sa source.<\/a><\/p>\n","protected":false},"excerpt":{"rendered":"<p>C\u00e9l\u00e9bration du 1er Mai Des manifestations, qui ont donn\u00e9 lieu \u00e0 quelques \u00e9chauffour\u00e9es, ont c\u00e9l\u00e9br\u00e9 samedi, en France, en Espagne et \u00e0 Berlin, la journ\u00e9e internationale des travailleurs en d\u00e9pit des restrictions impos\u00e9es par la pand\u00e9mie de Covid-19. En France, les cort\u00e8ges ont rassembl\u00e9, selon le syndicat CGT, plus de 170.000 personnes, un chiffre que [&hellip;]<\/p>\n","protected":false},"author":1760,"featured_media":0,"comment_status":"closed","ping_status":"closed","sticky":false,"template":"","format":"standard","meta":{"fifu_image_url":"","fifu_image_alt":"","footnotes":""},"categories":[73,54],"tags":[],"class_list":["post-116017","post","type-post","status-publish","format-standard","hentry","category-actualite","category-maroc"],"_links":{"self":[{"href":"https:\/\/linitiative.ca\/International\/wp-json\/wp\/v2\/posts\/116017","targetHints":{"allow":["GET"]}}],"collection":[{"href":"https:\/\/linitiative.ca\/International\/wp-json\/wp\/v2\/posts"}],"about":[{"href":"https:\/\/linitiative.ca\/International\/wp-json\/wp\/v2\/types\/post"}],"author":[{"embeddable":true,"href":"https:\/\/linitiative.ca\/International\/wp-json\/wp\/v2\/users\/1760"}],"replies":[{"embeddable":true,"href":"https:\/\/linitiative.ca\/International\/wp-json\/wp\/v2\/comments?post=116017"}],"version-history":[{"count":0,"href":"https:\/\/linitiative.ca\/International\/wp-json\/wp\/v2\/posts\/116017\/revisions"}],"wp:attachment":[{"href":"https:\/\/linitiative.ca\/International\/wp-json\/wp\/v2\/media?parent=116017"}],"wp:term":[{"taxonomy":"category","embeddable":true,"href":"https:\/\/linitiative.ca\/International\/wp-json\/wp\/v2\/categories?post=116017"},{"taxonomy":"post_tag","embeddable":true,"href":"https:\/\/linitiative.ca\/International\/wp-json\/wp\/v2\/tags?post=116017"}],"curies":[{"name":"wp","href":"https:\/\/api.w.org\/{rel}","templated":true}]}}