{"id":116018,"date":"2021-05-02T14:00:56","date_gmt":"2021-05-02T18:00:56","guid":{"rendered":"https:\/\/linitiative.ca\/International\/%ef%bb%bfle-mois-beni-celebre-dans-le-respect-des-restrictions-sociales\/"},"modified":"2021-05-02T14:00:56","modified_gmt":"2021-05-02T18:00:56","slug":"%ef%bb%bfle-mois-beni-celebre-dans-le-respect-des-restrictions-sociales","status":"publish","type":"post","link":"https:\/\/linitiative.ca\/International\/%ef%bb%bfle-mois-beni-celebre-dans-le-respect-des-restrictions-sociales\/","title":{"rendered":"\ufeffLe mois b\u00e9ni c\u00e9l\u00e9br\u00e9 dans le respect des restrictions sociales"},"content":{"rendered":"<div>\n<p style=\"text-align:center\" class=\"has-text-color has-vivid-red-color\"><strong>Ramadan<br \/>\n\u00e0 Londres<\/strong><\/p>\n<p style=\"text-align:right\"><strong>Par Nabila Zourara (MAP)<\/strong><\/p>\n<p class=\"has-text-color has-vivid-cyan-blue-color\"><strong>Comme tous les Musulmans du monde, ceux du Royaume-Uni sont tenus de s\u2019adapter aux restrictions sociales impos\u00e9es par la pand\u00e9mie de coronavirus, pour vivre le mois b\u00e9ni de Ramadan dans la solidarit\u00e9 et la communion, malgr\u00e9 les barri\u00e8res sociales contraignantes.<\/strong><\/p>\n<p>Ainsi<br \/>\net en d\u00e9pit des d\u00e9fis cr\u00e9\u00e9s par la crise sanitaire, le Centre Al-Manar pour<br \/>\nl\u2019h\u00e9ritage culturel islamique s\u2019est servi des moyens de technologie et des<br \/>\nsupports num\u00e9riques pour assurer la continuit\u00e9 de ses activit\u00e9s habituelles au<br \/>\ncours de ce mois sacr\u00e9 et maintenir son interaction avec la communaut\u00e9<br \/>\nmusulmane \u00e0 Londres.<\/p>\n<p>Le<br \/>\ncentre a ainsi \u00e9tabli un programme \u00abSp\u00e9cial Ramadan\u00bb qui comprend des<br \/>\nconf\u00e9rences et des causeries religieuses diffus\u00e9es de fa\u00e7on hebdomadaire \u00e0<br \/>\ntravers les r\u00e9seaux sociaux en vue de briser le sentiment d\u2019isolement et de<br \/>\nsolitude engendr\u00e9 par la conjoncture actuelle et accompagner les fid\u00e8les durant<br \/>\nle mois du je\u00fbne.<\/p>\n<p>Diffus\u00e9es<br \/>\nprincipalement sur les plateformes \u00abZoom\u00bb et \u00abFacebook\u00bb, ces conf\u00e9rences, qui<br \/>\nabordent des th\u00e9matiques li\u00e9es notamment \u00e0 la jurisprudence et la tradition<br \/>\nmusulmane, la pand\u00e9mie, les pratiques alimentaires et les conseils sanitaires,<br \/>\npermettent aux participants d\u2019interagir de mani\u00e8re directe et instantan\u00e9e avec<br \/>\nles conf\u00e9renciers ou les Imams, explique le directeur ex\u00e9cutif du centre<br \/>\nAl-Manar, Abdurahman Sayed, dans une interview accord\u00e9e \u00e0 la MAP.<\/p>\n<p>Ces<br \/>\ncauseries \u00e9tant sauvegard\u00e9es automatiquement en ligne, peuvent \u00eatre revues par<br \/>\nles utilisateurs du r\u00e9seau bleu en fonction de leur disponibilit\u00e9s. \u00abCela favorise<br \/>\nune expansion plus large du contenu aupr\u00e8s du public et facilite aussi<br \/>\nl\u2019interaction entre le conf\u00e9rencier et les internautes\u00bb, a-t-il fait valoir.<\/p>\n<p>Aussi,<br \/>\net afin de promouvoir les valeurs d\u2019entraide et de la solidarit\u00e9 qui<br \/>\ncaract\u00e9risent ce mois sacr\u00e9, le centre Al-Manar pour l\u2019h\u00e9ritage culturel<br \/>\nislamique s\u2019est engag\u00e9 \u00e0 soutenir les familles n\u00e9cessiteuses et celles<br \/>\nprofond\u00e9ment touch\u00e9es par les retomb\u00e9es de la crise sanitaire, \u00e0 travers la la<br \/>\nlivraison de paniers d\u2019Iftar \u00e0 domicile.<\/p>\n<p>Le<br \/>\ncentre propose aussi, selon son directeur, des r\u00e9citations quotidiennes du<br \/>\nSaint Coran et des s\u00e9ances de psalmodie anim\u00e9es par l\u2019imam marocain Sheikh<br \/>\nAhmed Dahdouh, de m\u00eame qu\u2019il \u0153uvre pour l\u2019organisation des Tarawih et des<br \/>\npri\u00e8res d\u2019Al-Isha, dans le strict respect des r\u00e8gles de distanciation sociale.<\/p>\n<p>Les<br \/>\nfid\u00e8les sont ainsi amen\u00e9s cette ann\u00e9e \u00e0 r\u00e9server en ligne avant de se pr\u00e9senter<br \/>\n\u00e0 la mosqu\u00e9e pour accomplir la pri\u00e8re du vendredi ou les Tarawih.<\/p>\n<p>Les<br \/>\nplaces sont limit\u00e9es \u00e0 300 pour les hommes et 50 pour les femmes, ce qui r\u00e9duit<br \/>\nla capacit\u00e9 d\u2019accueil de la mosqu\u00e9e \u00e0 10%. Les prieurs sont aussi tenus de<br \/>\nrespecter un certain nombre de r\u00e8gles pr\u00e9ventives, dont notamment le port<br \/>\nobligatoire du masque facial.<\/p>\n<p>Selon<br \/>\nM. Sayed, \u00abces mesures sont prises d\u2019abord dans un souci d\u2019hygi\u00e8ne et de<br \/>\npr\u00e9vention sanitaire, mais aussi d\u2019organisation afin d\u2019\u00e9viter la formation de<br \/>\nlongues files d\u2019attente aux abords du centre, ce qui risque de provoquer une<br \/>\ng\u00eane occasionnelle dans les voisinages\u00bb.<\/p>\n<p>Il souligne par<br \/>\nailleurs que cette op\u00e9ration se d\u00e9roule sous la surveillance des agents de<br \/>\ns\u00e9curit\u00e9 relevant du centre ainsi que des autorit\u00e9s locales britanniques qui,<br \/>\nd\u2019apr\u00e8s lui, \u00abn\u2019ont pas tari d\u2019\u00e9loge sur le grand sens de responsabilit\u00e9 et le<br \/>\ncivisme dont fait preuve la majorit\u00e9 des fid\u00e8les et sur leur respect strict des<br \/>\nr\u00e8gles de pr\u00e9vention et de distanciation sociale\u00bb.<\/p>\n<p>\u00abNous avons<br \/>\naussi veill\u00e9 cette ann\u00e9e, comme celle d\u2019avant, au lancement de l\u2019appel \u00e0 la<br \/>\npri\u00e8re d\u2019Al-Maghrib depuis le centre, en signe de solidarit\u00e9 avec les habitants<br \/>\nde la r\u00e9gion du Grand Londres, qui sont contraints d\u2019observer ce mois sacr\u00e9 en<br \/>\nconfinement\u00bb, a-t-il poursuivi, notant que le centre recommande aux plus jeunes<br \/>\nainsi qu\u2019aux personnes vuln\u00e9rables de respecter les directives gouvernementales<br \/>\net d\u2019\u00e9viter le contact social.<\/p>\n<p>Par ailleurs,<br \/>\nle directeur du centre rel\u00e8ve que les Imams marocains sont assez souvent<br \/>\nsollicit\u00e9s pour l\u2019animation des conf\u00e9rences religieuses, notamment pour leur<br \/>\naisance et maitrise de la jurisprudence ainsi que leur engagement \u00e0 v\u00e9hiculer<br \/>\nles valeurs de tol\u00e9rance, de mod\u00e9ration et de juste milieu pr\u00f4n\u00e9es par la<br \/>\nreligion musulmane.<\/p>\n<p>Il souligne<br \/>\naussi que la communaut\u00e9 marocaine, pr\u00e9sente en force dans le borough royal de<br \/>\nKensington and Chelsea o\u00f9 se trouve le centre, ne cesse de contribuer de<br \/>\nmani\u00e8re tr\u00e8s active \u00e0 toutes les activit\u00e9s humanitaires et religieuses qu\u2019il<br \/>\norganise, ajoutant que la \u00abHarira\u00bb et d\u2019autres plats marocains succulents sont<br \/>\nomnipr\u00e9sents dans la majorit\u00e9 des Iftars collectifs servis par le centre.<\/p>\n<p>L\u2019islam est la<br \/>\ndeuxi\u00e8me religion au Royaume-Uni. Selon les r\u00e9sultats du recensement national<br \/>\nde janvier 2016, la population musulmane en Grande-Bretagne s\u2019\u00e9tablit \u00e0<br \/>\n3.114.992 personnes, dont 3.046.607 vivent en Angleterre ou au Pays de Galles.<br \/>\nPar ailleurs, plus de 50% des Musulmans du Royaume-Uni sont n\u00e9s en dehors du<br \/>\npays.<\/p>\n<p>Par mesure de<br \/>\npr\u00e9caution, toutes les mosqu\u00e9es du Royaume-Uni ont mis \u00e0 jour leurs protocoles<br \/>\npour accueillir les fid\u00e8les pendant le deuxi\u00e8me Ramadan observ\u00e9 en pleine<br \/>\npand\u00e9mie.<\/p>\n<p>Avec<br \/>\nl\u2019assouplissement des restrictions drastiques en Angleterre gr\u00e2ce \u00e0<br \/>\nl\u2019avancement de la campagne de vaccination massive, la Mosqu\u00e9e centrale de<br \/>\nRegent\u2019s Park, la plus grande du Royaume-Uni et l\u2019une des plus grandes<br \/>\nd\u2019Europe, a accueilli \u00e0 nouveau les fid\u00e8les pour accomplir les pri\u00e8res \u00e0 l\u2019occasion<br \/>\ndu mois sacr\u00e9, avec les pr\u00e9cautions appropri\u00e9es.<\/p>\n<p>Par ailleurs,<br \/>\nle directeur de l\u2019Agence de sant\u00e9 publique Public Health England \u00e0 Manchester,<br \/>\nDavid Regan, a exhort\u00e9 les membres de la communaut\u00e9 musulmane \u00e0 \u00abrespecter les<br \/>\nrendez-vous\u00bb de leur deuxi\u00e8me injection du vaccin anti-Covid-19, assurant que<br \/>\nce dernier \u201cn\u2019invalidera pas le je\u00fbne\u201d.<\/p>\n<p>Figurant au Top<br \/>\n15 des pays ayant r\u00e9ussi leur campagne de vaccination, le Royaume-Uni a d\u00e9j\u00e0<br \/>\nvaccin\u00e9 plus de 48 millions de personnes au total contre le Covid-19, dont plus<br \/>\nde 34 millions ont re\u00e7u une premi\u00e8re dose et plus de 14 millions ont eu une<br \/>\ndeuxi\u00e8me injection.<\/p>\n<p>L\u2019article <a rel=\"nofollow\" href=\"http:\/\/albayane.press.ma\/%EF%BB%BFle-mois-beni-celebre-dans-le-respect-des-restrictions-sociales.html\">\ufeffLe mois b\u00e9ni c\u00e9l\u00e9br\u00e9 dans le respect des restrictions sociales<\/a> est apparu en premier sur <a rel=\"nofollow\" href=\"http:\/\/albayane.press.ma\/\">ALBAYANE<\/a>.<\/p>\n<\/div>\n<p>Auteur: M&rsquo;hammed rahal<br \/>\n<a href=\"http:\/\/albayane.press.ma\/%EF%BB%BFle-mois-beni-celebre-dans-le-respect-des-restrictions-sociales.html\">Cliquez ici pour lire l&rsquo;article depuis sa source.<\/a><\/p>\n","protected":false},"excerpt":{"rendered":"<p>Ramadan \u00e0 Londres Par Nabila Zourara (MAP) Comme tous les Musulmans du monde, ceux du Royaume-Uni sont tenus de s\u2019adapter aux restrictions sociales impos\u00e9es par la pand\u00e9mie de coronavirus, pour vivre le mois b\u00e9ni de Ramadan dans la solidarit\u00e9 et la communion, malgr\u00e9 les barri\u00e8res sociales contraignantes. Ainsi et en d\u00e9pit des d\u00e9fis cr\u00e9\u00e9s par [&hellip;]<\/p>\n","protected":false},"author":1760,"featured_media":0,"comment_status":"closed","ping_status":"closed","sticky":false,"template":"","format":"standard","meta":{"fifu_image_url":"","fifu_image_alt":"","footnotes":""},"categories":[73,54],"tags":[],"class_list":["post-116018","post","type-post","status-publish","format-standard","hentry","category-actualite","category-maroc"],"_links":{"self":[{"href":"https:\/\/linitiative.ca\/International\/wp-json\/wp\/v2\/posts\/116018","targetHints":{"allow":["GET"]}}],"collection":[{"href":"https:\/\/linitiative.ca\/International\/wp-json\/wp\/v2\/posts"}],"about":[{"href":"https:\/\/linitiative.ca\/International\/wp-json\/wp\/v2\/types\/post"}],"author":[{"embeddable":true,"href":"https:\/\/linitiative.ca\/International\/wp-json\/wp\/v2\/users\/1760"}],"replies":[{"embeddable":true,"href":"https:\/\/linitiative.ca\/International\/wp-json\/wp\/v2\/comments?post=116018"}],"version-history":[{"count":0,"href":"https:\/\/linitiative.ca\/International\/wp-json\/wp\/v2\/posts\/116018\/revisions"}],"wp:attachment":[{"href":"https:\/\/linitiative.ca\/International\/wp-json\/wp\/v2\/media?parent=116018"}],"wp:term":[{"taxonomy":"category","embeddable":true,"href":"https:\/\/linitiative.ca\/International\/wp-json\/wp\/v2\/categories?post=116018"},{"taxonomy":"post_tag","embeddable":true,"href":"https:\/\/linitiative.ca\/International\/wp-json\/wp\/v2\/tags?post=116018"}],"curies":[{"name":"wp","href":"https:\/\/api.w.org\/{rel}","templated":true}]}}