{"id":116023,"date":"2021-05-03T08:55:34","date_gmt":"2021-05-03T12:55:34","guid":{"rendered":"https:\/\/linitiative.ca\/International\/tunisie-15-pharmaciens-decedes-depuis-le-debut-de-la-pandemie\/"},"modified":"2021-05-03T08:55:34","modified_gmt":"2021-05-03T12:55:34","slug":"tunisie-15-pharmaciens-decedes-depuis-le-debut-de-la-pandemie","status":"publish","type":"post","link":"https:\/\/linitiative.ca\/International\/tunisie-15-pharmaciens-decedes-depuis-le-debut-de-la-pandemie\/","title":{"rendered":"Tunisie: 15 pharmaciens d\u00e9c\u00e9d\u00e9s depuis le d\u00e9but de la pand\u00e9mie"},"content":{"rendered":"<div class=\"field field-name-body field-type-text-with-summary field-label-hidden field-items field-item even\">\n<p>Dans une d\u00e9claration ce lundi 3 mai 2021 sur Mosa\u00efque FM, le vice-pr\u00e9sident du syndicat des pharmaciens d\u2019officine de Tunisie (SPOT), Naoufel Amira, a r\u00e9v\u00e9l\u00e9 que 15 pharmaciens sont d\u00e9c\u00e9d\u00e9s \u00e0 cause la Covid-19, depuis le d\u00e9but de la pand\u00e9mie.<\/p>\n<p>Selon lui, les pharmacies de nuit connaissent depuis sept mois des difficult\u00e9s \u00e0 cause du couvre-feu. Sans compter le manque de certains m\u00e9dicaments, notamment import\u00e9s, au niveau de la pharmacie centrale.<\/p>\n<p>Par ailleurs, selon lui, le syndicat des pharmaciens, en collaboration avec le minist\u00e8re de la Sant\u00e9, lance une campagne de sensibilisation pour l\u2019inscription sur la plateforme de vaccination \u00ab\u00a0EVAX\u00a0\u00bb.<\/p>\n<\/div>\n<div class=\"view view-frontpage view-id-frontpage view-display-id-block_related view-dom-id-a339f6ba9c8c2adfd20eddc0d0d1d3f1 view-content list-group\"><strong>espacemanager<\/strong><\/div>\n<div class=\"wp-post-author-wrap wp-post-author-shortcode left\">\n<h3 class=\"awpa-title\"\/>\n<div class=\"wp-post-author\">\n<div class=\"awpa-img awpa-author-block square\"><a href=\"http:\/\/lexpertjournal.net\/fr\/?author=5\"><img loading=\"lazy\" decoding=\"async\" alt=\"\" src=\"http:\/\/0.gravatar.com\/avatar\/97f8e10a1c1125ba104a76514ee07b16?s=150&amp;d=mm&amp;r=g\" srcset=\"http:\/\/0.gravatar.com\/avatar\/97f8e10a1c1125ba104a76514ee07b16?s=300&amp;d=mm&amp;r=g 2x\" class=\"avatar avatar-150 photo\" height=\"150\" width=\"150\"\/><\/a><\/div>\n<\/div>\n<\/div>\n<aside class=\"mashsb-container mashsb-main mashsb-stretched\">\n<\/aside>\n<p>Auteur: L&rsquo;expert<br \/>\n<a href=\"http:\/\/lexpertjournal.net\/fr\/?p=19957\">Cliquez ici pour lire l&rsquo;article depuis sa source.<\/a><\/p>\n","protected":false},"excerpt":{"rendered":"<p>Dans une d\u00e9claration ce lundi 3 mai 2021 sur Mosa\u00efque FM, le vice-pr\u00e9sident du syndicat des pharmaciens d\u2019officine de Tunisie (SPOT), Naoufel Amira, a r\u00e9v\u00e9l\u00e9 que 15 pharmaciens sont d\u00e9c\u00e9d\u00e9s \u00e0 cause la Covid-19, depuis le d\u00e9but de la pand\u00e9mie. Selon lui, les pharmacies de nuit connaissent depuis sept mois des difficult\u00e9s \u00e0 cause du [&hellip;]<\/p>\n","protected":false},"author":1775,"featured_media":0,"comment_status":"closed","ping_status":"closed","sticky":false,"template":"","format":"standard","meta":{"fifu_image_url":"http:\/\/0.gravatar.com\/avatar\/97f8e10a1c1125ba104a76514ee07b16?s=150&d=mm&r=g","fifu_image_alt":"Tunisie: 15 pharmaciens d\u00e9c\u00e9d\u00e9s depuis le d\u00e9but de la pand\u00e9mie","footnotes":""},"categories":[78,55],"tags":[],"class_list":["post-116023","post","type-post","status-publish","format-standard","hentry","category-economie","category-tunisie"],"_links":{"self":[{"href":"https:\/\/linitiative.ca\/International\/wp-json\/wp\/v2\/posts\/116023","targetHints":{"allow":["GET"]}}],"collection":[{"href":"https:\/\/linitiative.ca\/International\/wp-json\/wp\/v2\/posts"}],"about":[{"href":"https:\/\/linitiative.ca\/International\/wp-json\/wp\/v2\/types\/post"}],"author":[{"embeddable":true,"href":"https:\/\/linitiative.ca\/International\/wp-json\/wp\/v2\/users\/1775"}],"replies":[{"embeddable":true,"href":"https:\/\/linitiative.ca\/International\/wp-json\/wp\/v2\/comments?post=116023"}],"version-history":[{"count":0,"href":"https:\/\/linitiative.ca\/International\/wp-json\/wp\/v2\/posts\/116023\/revisions"}],"wp:attachment":[{"href":"https:\/\/linitiative.ca\/International\/wp-json\/wp\/v2\/media?parent=116023"}],"wp:term":[{"taxonomy":"category","embeddable":true,"href":"https:\/\/linitiative.ca\/International\/wp-json\/wp\/v2\/categories?post=116023"},{"taxonomy":"post_tag","embeddable":true,"href":"https:\/\/linitiative.ca\/International\/wp-json\/wp\/v2\/tags?post=116023"}],"curies":[{"name":"wp","href":"https:\/\/api.w.org\/{rel}","templated":true}]}}