{"id":116024,"date":"2021-05-03T05:30:00","date_gmt":"2021-05-03T09:30:00","guid":{"rendered":"https:\/\/linitiative.ca\/International\/installation-dune-cellule-de-crise-intersectorielle\/"},"modified":"2021-05-03T05:30:00","modified_gmt":"2021-05-03T09:30:00","slug":"installation-dune-cellule-de-crise-intersectorielle","status":"publish","type":"post","link":"https:\/\/linitiative.ca\/International\/installation-dune-cellule-de-crise-intersectorielle\/","title":{"rendered":"Installation d\u2019une cellule de crise intersectorielle"},"content":{"rendered":"<div id=\"originalText\" readability=\"79\">\n<p>Dans le souci d&rsquo;intensifier les campagnes de sensibilisation et de pr\u00e9vention, et afin de veiller au respect des recommandations requises dans le cadre de la lutte contre la Covid-19 et ses nouveaux variants, le wali de Tiaret, Mohamed Amine Deramchi, a pr\u00e9sid\u00e9, ce samedi 1er mai, une r\u00e9union de la cellule de crise intersectorielle, indique un communiqu\u00e9 du cabinet.<\/p>\n<p>Outre l\u2019\u00e9valuation de la situation pand\u00e9mique \u00e0 travers la wilaya, il a donn\u00e9 une s\u00e9rie d&rsquo;instructions relatives, particuli\u00e8rement, \u00e0 l&rsquo;imp\u00e9ratif de mettre en branle un sondage \u00e9pid\u00e9miologique\u00a0 urgent et veiller au respect des gestes barri\u00e8res, sachant que les populations semblent ne s\u2019en soucier gu\u00e8re du risque ces derniers temps, compte tenu du rel\u00e2chement excessif du protocole sanitaire et le non-respect des r\u00e8gles pr\u00e9conis\u00e9es par les sp\u00e9cialistes en infectiologie, en \u00e9pid\u00e9miologie, en m\u00e9decine pr\u00e9ventive et en immunologie.<\/p>\n<p>Estampill\u00e9e sous le sceau de \u201cdispositif de pr\u00e9vention et d\u2019alerte locale\u201d, cette rencontre a port\u00e9 sur l\u2019adoption d\u2019une nouvelle strat\u00e9gie plus drastique en termes de vigilance quant aux mesures prophylactiques, notamment le port obligatoire du masque et le respect de la distanciation dans les lieux publics \u00e0 grandes affluence et au niveau des administrations et entreprises publiques.<\/p>\n<p>Dans le m\u00eame sillage, le chef de l\u2019ex\u00e9cutif de la wilaya a insist\u00e9 sur l\u2019application des mesures pr\u00e9ventives au sein des \u00e9tablissements scolaires et universitaires ainsi que ceux de la formation professionnelle. Dans la foul\u00e9e, il n\u2019a pas omis de mettre l\u2019accent sur une surveillance rigoureuse au sein des commerces et des transports publics de voyageurs ainsi qu\u2019au niveau des mosqu\u00e9es.<\/p>\n<p>Par ailleurs, le wali a soulign\u00e9 l\u2019imp\u00e9ratif d\u2019une prise de conscience des citoyens, appel\u00e9s \u00e0 limiter les visites familiales et l\u2019implication de la soci\u00e9t\u00e9 civile, voire le mouvement associatif, qui sera encadr\u00e9e par les diverses institutions de l\u2019\u00c9tat, dans l\u2019optique d\u2019organiser des campagnes de sensibilisation, notamment au niveau des endroits et espaces \u00e0 grande affluence qui sont susceptibles de pr\u00e9senter un risque majeur quant \u00e0 la propagation de la contamination de ce virus.<br \/>\u00a0<\/p>\n<p class=\"c6\"><strong>SALEM REMANE<\/strong><\/p>\n<\/div>\n<div id=\"text_core\" readability=\"79\">\n<p>Dans le souci d&rsquo;intensifier les campagnes de sensibilisation et de pr\u00e9vention, et afin de veiller au respect des recommandations requises dans le cadre de la lutte contre la Covid-19 et ses nouveaux variants, le wali de Tiaret, Mohamed Amine Deramchi, a pr\u00e9sid\u00e9, ce samedi 1er mai, une r\u00e9union de la cellule de crise intersectorielle, indique un communiqu\u00e9 du cabinet.<\/p>\n<p>Outre l\u2019\u00e9valuation de la situation pand\u00e9mique \u00e0 travers la wilaya, il a donn\u00e9 une s\u00e9rie d&rsquo;instructions relatives, particuli\u00e8rement, \u00e0 l&rsquo;imp\u00e9ratif de mettre en branle un sondage \u00e9pid\u00e9miologique\u00a0 urgent et veiller au respect des gestes barri\u00e8res, sachant que les populations semblent ne s\u2019en soucier gu\u00e8re du risque ces derniers temps, compte tenu du rel\u00e2chement excessif du protocole sanitaire et le non-respect des r\u00e8gles pr\u00e9conis\u00e9es par les sp\u00e9cialistes en infectiologie, en \u00e9pid\u00e9miologie, en m\u00e9decine pr\u00e9ventive et en immunologie.<\/p>\n<p>Estampill\u00e9e sous le sceau de \u201cdispositif de pr\u00e9vention et d\u2019alerte locale\u201d, cette rencontre a port\u00e9 sur l\u2019adoption d\u2019une nouvelle strat\u00e9gie plus drastique en termes de vigilance quant aux mesures prophylactiques, notamment le port obligatoire du masque et le respect de la distanciation dans les lieux publics \u00e0 grandes affluence et au niveau des administrations et entreprises publiques.<\/p>\n<p>Dans le m\u00eame sillage, le chef de l\u2019ex\u00e9cutif de la wilaya a insist\u00e9 sur l\u2019application des mesures pr\u00e9ventives au sein des \u00e9tablissements scolaires et universitaires ainsi que ceux de la formation professionnelle. Dans la foul\u00e9e, il n\u2019a pas omis de mettre l\u2019accent sur une surveillance rigoureuse au sein des commerces et des transports publics de voyageurs ainsi qu\u2019au niveau des mosqu\u00e9es.<\/p>\n<p>Par ailleurs, le wali a soulign\u00e9 l\u2019imp\u00e9ratif d\u2019une prise de conscience des citoyens, appel\u00e9s \u00e0 limiter les visites familiales et l\u2019implication de la soci\u00e9t\u00e9 civile, voire le mouvement associatif, qui sera encadr\u00e9e par les diverses institutions de l\u2019\u00c9tat, dans l\u2019optique d\u2019organiser des campagnes de sensibilisation, notamment au niveau des endroits et espaces \u00e0 grande affluence qui sont susceptibles de pr\u00e9senter un risque majeur quant \u00e0 la propagation de la contamination de ce virus.<br \/>\u00a0<\/p>\n<p class=\"c6\"><strong>SALEM REMANE<\/strong><\/p>\n<\/div>\n<p>Auteur:<br \/>\n<a href=\"https:\/\/www.liberte-algerie.com\/actualite\/installation-dune-cellule-de-crise-intersectorielle-358146\">Cliquez ici pour lire l&rsquo;article depuis sa source.<\/a><\/p>\n","protected":false},"excerpt":{"rendered":"<p>Dans le souci d&rsquo;intensifier les campagnes de sensibilisation et de pr\u00e9vention, et afin de veiller au respect des recommandations requises dans le cadre de la lutte contre la Covid-19 et ses nouveaux variants, le wali de Tiaret, Mohamed Amine Deramchi, a pr\u00e9sid\u00e9, ce samedi 1er mai, une r\u00e9union de la cellule de crise intersectorielle, indique [&hellip;]<\/p>\n","protected":false},"author":1742,"featured_media":0,"comment_status":"closed","ping_status":"closed","sticky":false,"template":"","format":"standard","meta":{"fifu_image_url":"","fifu_image_alt":"","footnotes":""},"categories":[73,53],"tags":[],"class_list":["post-116024","post","type-post","status-publish","format-standard","hentry","category-actualite","category-algerie"],"_links":{"self":[{"href":"https:\/\/linitiative.ca\/International\/wp-json\/wp\/v2\/posts\/116024","targetHints":{"allow":["GET"]}}],"collection":[{"href":"https:\/\/linitiative.ca\/International\/wp-json\/wp\/v2\/posts"}],"about":[{"href":"https:\/\/linitiative.ca\/International\/wp-json\/wp\/v2\/types\/post"}],"author":[{"embeddable":true,"href":"https:\/\/linitiative.ca\/International\/wp-json\/wp\/v2\/users\/1742"}],"replies":[{"embeddable":true,"href":"https:\/\/linitiative.ca\/International\/wp-json\/wp\/v2\/comments?post=116024"}],"version-history":[{"count":0,"href":"https:\/\/linitiative.ca\/International\/wp-json\/wp\/v2\/posts\/116024\/revisions"}],"wp:attachment":[{"href":"https:\/\/linitiative.ca\/International\/wp-json\/wp\/v2\/media?parent=116024"}],"wp:term":[{"taxonomy":"category","embeddable":true,"href":"https:\/\/linitiative.ca\/International\/wp-json\/wp\/v2\/categories?post=116024"},{"taxonomy":"post_tag","embeddable":true,"href":"https:\/\/linitiative.ca\/International\/wp-json\/wp\/v2\/tags?post=116024"}],"curies":[{"name":"wp","href":"https:\/\/api.w.org\/{rel}","templated":true}]}}