{"id":116025,"date":"2021-05-03T05:30:00","date_gmt":"2021-05-03T09:30:00","guid":{"rendered":"https:\/\/linitiative.ca\/International\/9-deces-et-211-nouveaux-cas\/"},"modified":"2021-05-03T05:30:00","modified_gmt":"2021-05-03T09:30:00","slug":"9-deces-et-211-nouveaux-cas","status":"publish","type":"post","link":"https:\/\/linitiative.ca\/International\/9-deces-et-211-nouveaux-cas\/","title":{"rendered":"9 d\u00e9c\u00e8s et 211 nouveaux cas"},"content":{"rendered":"<div id=\"originalText\" readability=\"44\">\n<p>Deux cent onze nouveaux cas confirm\u00e9s de coronavirus, 149 gu\u00e9risons et 9 d\u00e9c\u00e8s ont \u00e9t\u00e9 enregistr\u00e9s ces derni\u00e8res 24 heures en Alg\u00e9rie, a indiqu\u00e9, hier, un communiqu\u00e9 du minist\u00e8re de la Sant\u00e9. Le total des cas confirm\u00e9s de coronavirus s&rsquo;\u00e9l\u00e8ve ainsi \u00e0 122 522, celui des d\u00e9c\u00e8s \u00e0 3 270, alors que le nombre de patients gu\u00e9ris a atteint 85 398 cas, pr\u00e9cise le communiqu\u00e9.\u00a0<br \/>Par ailleurs, 24\u00a0 patients\u00a0 sont\u00a0 actuellement\u00a0 en\u00a0 soins\u00a0 intensifs, ajoute la m\u00eame source.\u00a0<br \/>\u00a0<\/p>\n<p class=\"c6\"><strong>APS<\/strong><\/p>\n<\/div>\n<div id=\"text_core\" readability=\"44\">\n<p>Deux cent onze nouveaux cas confirm\u00e9s de coronavirus, 149 gu\u00e9risons et 9 d\u00e9c\u00e8s ont \u00e9t\u00e9 enregistr\u00e9s ces derni\u00e8res 24 heures en Alg\u00e9rie, a indiqu\u00e9, hier, un communiqu\u00e9 du minist\u00e8re de la Sant\u00e9. Le total des cas confirm\u00e9s de coronavirus s&rsquo;\u00e9l\u00e8ve ainsi \u00e0 122 522, celui des d\u00e9c\u00e8s \u00e0 3 270, alors que le nombre de patients gu\u00e9ris a atteint 85 398 cas, pr\u00e9cise le communiqu\u00e9.\u00a0<br \/>Par ailleurs, 24\u00a0 patients\u00a0 sont\u00a0 actuellement\u00a0 en\u00a0 soins\u00a0 intensifs, ajoute la m\u00eame source.\u00a0<br \/>\u00a0<\/p>\n<p class=\"c6\"><strong>APS<\/strong><\/p>\n<\/div>\n<p>Auteur:<br \/>\n<a href=\"https:\/\/www.liberte-algerie.com\/actualite\/9-deces-et-211-nouveaux-cas-358145\">Cliquez ici pour lire l&rsquo;article depuis sa source.<\/a><\/p>\n","protected":false},"excerpt":{"rendered":"<p>Deux cent onze nouveaux cas confirm\u00e9s de coronavirus, 149 gu\u00e9risons et 9 d\u00e9c\u00e8s ont \u00e9t\u00e9 enregistr\u00e9s ces derni\u00e8res 24 heures en Alg\u00e9rie, a indiqu\u00e9, hier, un communiqu\u00e9 du minist\u00e8re de la Sant\u00e9. Le total des cas confirm\u00e9s de coronavirus s&rsquo;\u00e9l\u00e8ve ainsi \u00e0 122 522, celui des d\u00e9c\u00e8s \u00e0 3 270, alors que le nombre de [&hellip;]<\/p>\n","protected":false},"author":1742,"featured_media":0,"comment_status":"closed","ping_status":"closed","sticky":false,"template":"","format":"standard","meta":{"fifu_image_url":"","fifu_image_alt":"","footnotes":""},"categories":[73,53],"tags":[],"class_list":["post-116025","post","type-post","status-publish","format-standard","hentry","category-actualite","category-algerie"],"_links":{"self":[{"href":"https:\/\/linitiative.ca\/International\/wp-json\/wp\/v2\/posts\/116025","targetHints":{"allow":["GET"]}}],"collection":[{"href":"https:\/\/linitiative.ca\/International\/wp-json\/wp\/v2\/posts"}],"about":[{"href":"https:\/\/linitiative.ca\/International\/wp-json\/wp\/v2\/types\/post"}],"author":[{"embeddable":true,"href":"https:\/\/linitiative.ca\/International\/wp-json\/wp\/v2\/users\/1742"}],"replies":[{"embeddable":true,"href":"https:\/\/linitiative.ca\/International\/wp-json\/wp\/v2\/comments?post=116025"}],"version-history":[{"count":0,"href":"https:\/\/linitiative.ca\/International\/wp-json\/wp\/v2\/posts\/116025\/revisions"}],"wp:attachment":[{"href":"https:\/\/linitiative.ca\/International\/wp-json\/wp\/v2\/media?parent=116025"}],"wp:term":[{"taxonomy":"category","embeddable":true,"href":"https:\/\/linitiative.ca\/International\/wp-json\/wp\/v2\/categories?post=116025"},{"taxonomy":"post_tag","embeddable":true,"href":"https:\/\/linitiative.ca\/International\/wp-json\/wp\/v2\/tags?post=116025"}],"curies":[{"name":"wp","href":"https:\/\/api.w.org\/{rel}","templated":true}]}}