{"id":116027,"date":"2021-05-03T07:30:00","date_gmt":"2021-05-03T11:30:00","guid":{"rendered":"https:\/\/linitiative.ca\/International\/deces-de-deux-personnes-emportees-par-les-eaux-pluviales-a-amdoukal\/"},"modified":"2021-05-03T07:30:00","modified_gmt":"2021-05-03T11:30:00","slug":"deces-de-deux-personnes-emportees-par-les-eaux-pluviales-a-amdoukal","status":"publish","type":"post","link":"https:\/\/linitiative.ca\/International\/deces-de-deux-personnes-emportees-par-les-eaux-pluviales-a-amdoukal\/","title":{"rendered":"D\u00e9c\u00e8s de deux personnes emport\u00e9es par les eaux pluviales \u00e0 Amdoukal"},"content":{"rendered":"<div id=\"originalText\" readability=\"52\">\n<p class=\"c6\">Deux personnes ont trouv\u00e9 la mort, lundi matin, apr\u00e8s avoir \u00e9t\u00e9 emport\u00e9es par les eaux pluviales ayant provoqu\u00e9es l&rsquo;augmentation du niveau du cours d&rsquo;eau du lieu- dit \u00ab\u00a0Estah\u00a0\u00bb dans la commune Amdoukal, a affirm\u00e9 \u00e0 l&rsquo;APS le charg\u00e9 de l&rsquo;information aupr\u00e8s de la\u00a0 direction locale de la protection civile, le lieutenant Zoheir Neka\u00e2.<\/p>\n<p class=\"c6\">Le corps sans vie de la premi\u00e8re victime \u00e2g\u00e9e de 40 ans a \u00e9t\u00e9 retrouv\u00e9 aux environs de 5h du matin apr\u00e8s deux\u00a0 heures de recherche, alors que le cadavre de la deuxi\u00e8me victime (36 ans) a \u00e9t\u00e9 retrouv\u00e9 par les brigades d&rsquo;intervention vers 6 h30, selon les pr\u00e9cisions fournies par la m\u00eame source.<\/p>\n<p class=\"c6\">La protection civile a mobilis\u00e9 les moyens d&rsquo;intervention n\u00e9cessaires dont\u00a0 4 unit\u00e9s de la brigade de plongeurs, la brigade cynotechnique et l&rsquo;unit\u00e9 de recherche et d&rsquo;intervention dans les lieux au relief difficile \u00e0 la recherche des deux victimes, a ajout\u00e9 la m\u00eame source.<\/p>\n<p class=\"c7\"><strong>APS<\/strong><\/p>\n<\/div>\n<div id=\"text_core\" readability=\"52\">\n<p class=\"c6\">Deux personnes ont trouv\u00e9 la mort, lundi matin, apr\u00e8s avoir \u00e9t\u00e9 emport\u00e9es par les eaux pluviales ayant provoqu\u00e9es l&rsquo;augmentation du niveau du cours d&rsquo;eau du lieu- dit \u00ab\u00a0Estah\u00a0\u00bb dans la commune Amdoukal, a affirm\u00e9 \u00e0 l&rsquo;APS le charg\u00e9 de l&rsquo;information aupr\u00e8s de la\u00a0 direction locale de la protection civile, le lieutenant Zoheir Neka\u00e2.<\/p>\n<p class=\"c6\">Le corps sans vie de la premi\u00e8re victime \u00e2g\u00e9e de 40 ans a \u00e9t\u00e9 retrouv\u00e9 aux environs de 5h du matin apr\u00e8s deux\u00a0 heures de recherche, alors que le cadavre de la deuxi\u00e8me victime (36 ans) a \u00e9t\u00e9 retrouv\u00e9 par les brigades d&rsquo;intervention vers 6 h30, selon les pr\u00e9cisions fournies par la m\u00eame source.<\/p>\n<p class=\"c6\">La protection civile a mobilis\u00e9 les moyens d&rsquo;intervention n\u00e9cessaires dont\u00a0 4 unit\u00e9s de la brigade de plongeurs, la brigade cynotechnique et l&rsquo;unit\u00e9 de recherche et d&rsquo;intervention dans les lieux au relief difficile \u00e0 la recherche des deux victimes, a ajout\u00e9 la m\u00eame source.<\/p>\n<p class=\"c7\"><strong>APS<\/strong><\/p>\n<\/div>\n<p>Auteur:<br \/>\n<a href=\"https:\/\/www.liberte-algerie.com\/actualite\/deces-de-deux-personnes-emportees-par-les-eaux-pluviales-a-amdoukal-358172\">Cliquez ici pour lire l&rsquo;article depuis sa source.<\/a><\/p>\n","protected":false},"excerpt":{"rendered":"<p>Deux personnes ont trouv\u00e9 la mort, lundi matin, apr\u00e8s avoir \u00e9t\u00e9 emport\u00e9es par les eaux pluviales ayant provoqu\u00e9es l&rsquo;augmentation du niveau du cours d&rsquo;eau du lieu- dit \u00ab\u00a0Estah\u00a0\u00bb dans la commune Amdoukal, a affirm\u00e9 \u00e0 l&rsquo;APS le charg\u00e9 de l&rsquo;information aupr\u00e8s de la\u00a0 direction locale de la protection civile, le lieutenant Zoheir Neka\u00e2. Le corps [&hellip;]<\/p>\n","protected":false},"author":1742,"featured_media":0,"comment_status":"closed","ping_status":"closed","sticky":false,"template":"","format":"standard","meta":{"fifu_image_url":"","fifu_image_alt":"","footnotes":""},"categories":[73,53],"tags":[],"class_list":["post-116027","post","type-post","status-publish","format-standard","hentry","category-actualite","category-algerie"],"_links":{"self":[{"href":"https:\/\/linitiative.ca\/International\/wp-json\/wp\/v2\/posts\/116027","targetHints":{"allow":["GET"]}}],"collection":[{"href":"https:\/\/linitiative.ca\/International\/wp-json\/wp\/v2\/posts"}],"about":[{"href":"https:\/\/linitiative.ca\/International\/wp-json\/wp\/v2\/types\/post"}],"author":[{"embeddable":true,"href":"https:\/\/linitiative.ca\/International\/wp-json\/wp\/v2\/users\/1742"}],"replies":[{"embeddable":true,"href":"https:\/\/linitiative.ca\/International\/wp-json\/wp\/v2\/comments?post=116027"}],"version-history":[{"count":0,"href":"https:\/\/linitiative.ca\/International\/wp-json\/wp\/v2\/posts\/116027\/revisions"}],"wp:attachment":[{"href":"https:\/\/linitiative.ca\/International\/wp-json\/wp\/v2\/media?parent=116027"}],"wp:term":[{"taxonomy":"category","embeddable":true,"href":"https:\/\/linitiative.ca\/International\/wp-json\/wp\/v2\/categories?post=116027"},{"taxonomy":"post_tag","embeddable":true,"href":"https:\/\/linitiative.ca\/International\/wp-json\/wp\/v2\/tags?post=116027"}],"curies":[{"name":"wp","href":"https:\/\/api.w.org\/{rel}","templated":true}]}}