{"id":116030,"date":"2021-05-03T09:32:20","date_gmt":"2021-05-03T13:32:20","guid":{"rendered":"https:\/\/linitiative.ca\/International\/essaouira-a-lheure-de-la-semaine-de-lhabitat-et-de-lurbanisme\/"},"modified":"2021-05-03T09:32:20","modified_gmt":"2021-05-03T13:32:20","slug":"essaouira-a-lheure-de-la-semaine-de-lhabitat-et-de-lurbanisme","status":"publish","type":"post","link":"https:\/\/linitiative.ca\/International\/essaouira-a-lheure-de-la-semaine-de-lhabitat-et-de-lurbanisme\/","title":{"rendered":"Essaouira \u00e0 l\u2019heure de la semaine de l\u2019habitat et de l\u2019urbanisme"},"content":{"rendered":"<div readability=\"37\">\n<p>Essaouira \u2013 Le rideau est tomb\u00e9, samedi \u00e0 Essaouira, sur la semaine de l\u2019habitat et de l\u2019urbanisme, organis\u00e9e cette ann\u00e9e sous le signe \u00ab\u00a0Des quartiers et des villes intelligents et respectueux de l\u2019environnement pour un d\u00e9veloppement durable\u00a0\u00bb.<\/p>\n<\/div>\n<div readability=\"97\">\n<p>Initi\u00e9e par l\u2019Association des Enseignants des Sciences de la Vie et de la Terre (AESVT, section d\u2019Essaouira), en partenariat avec la Direction provinciale de l\u2019Education nationale, le Centre d\u2019\u00e9panouissement artistique et litt\u00e9raire Hassania 2 et l\u2019Association d\u2019Appui au complexe social Ibtissama, cette manifestation (du 24 avril au 1er mai) a \u00e9t\u00e9 marqu\u00e9e par l\u2019organisation d\u2019une exposition d\u00e9di\u00e9e \u00e0 la propret\u00e9, de campagnes de sensibilisation et de conscientisation, de nettoyage et de plantation de plants, outre la cr\u00e9ation de jardins mod\u00e8les.<\/p>\n<p>Le programme de cette \u00e9dition 2021 comportait aussi la r\u00e9alisation de peintures murales et de concours culturels, artistiques et environnementaux, ainsi que la tenue d\u2019ateliers d\u00e9di\u00e9s \u00e0 la valorisation et au recyclage des d\u00e9chets et d\u2019autres de dessin au profit des enfants, avec pour th\u00e8me central la protection de l\u2019environnement.<\/p>\n<p>Au menu figurait \u00e9galement une s\u00e9rie d\u2019activit\u00e9s environnementales, \u00e9ducatives et artistiques et ce, dans le cadre d\u2019un projet \u00e9cologique et de d\u00e9veloppement visant la mise \u00e0 niveau de l\u2019espace selon une approche participative et inclusive, en associant la population locale, les institutions et les partenaires, dans le but d\u2019encourager les initiatives civiques pour un d\u00e9veloppement durable et int\u00e9gr\u00e9.<\/p>\n<p>Dans ce sillage, le coordinateur provincial de l\u2019environnement \u00e0 la direction provinciale de l\u2019\u00e9ducation nationale \u00e0 Essaouira, Hicham Agourd, a expliqu\u00e9 que les activit\u00e9s programm\u00e9es au cours de cette \u00e9dition visaient essentiellement la mise en place d\u2019une p\u00e9dagogie de d\u00e9veloppement durable et int\u00e9gr\u00e9 ciblant toutes les cat\u00e9gories de la soci\u00e9t\u00e9, allant de l\u2019enfant aux diff\u00e9rentes parties prenantes et ce, en veillant \u00e0 associer les responsables locaux, les \u00e9tablissements scolaires, la soci\u00e9t\u00e9 civile et l\u2019ensemble des acteurs et intervenants, \u00e0 travers des activit\u00e9s culturelles, environnementales et artistiques int\u00e9gr\u00e9es.<\/p>\n<p>L\u2019objectif ultime, a-t-il encha\u00een\u00e9, est de consacrer l\u2019approche du d\u00e9veloppement durable dans les quartiers de la ville d\u2019Essaouira, par le biais d\u2019initiatives ayant pour finalit\u00e9 de d\u00e9velopper l\u2019esprit de coop\u00e9ration et de renforcer les liens sociaux et le sens de responsabilit\u00e9 \u00e0 l\u2019\u00e9gard de l\u2019environnement.<\/p>\n<p>Dans une d\u00e9claration \u00e0 la MAP, M. Agourd a, en outre, fait savoir que le programme se poursuivra dans les mois \u00e0 venir en ciblant d\u2019autres quartiers r\u00e9sidentiels, des lotissements et la banlieue de la Cit\u00e9 des Aliz\u00e9s.<\/p>\n<p>Il a aussi rappel\u00e9 les autres manifestations que l\u2019AESVT-section d\u2019Essaouira organise annuellement, \u00e0 savoir la Semaine verte (f\u00e9vrier), la Semaine de la mobilit\u00e9 durable (mai), la Semaine bleue des mers et des oc\u00e9ans (juin) et la Semaine du climat (septembre).<\/p>\n<\/div>\n<p>Auteur: Meriem IGASS<br \/>\n<a href=\"http:\/\/www.mapmarrakech.ma\/fr\/essaouira-a-lheure-de-la-semaine-de-lhabitat-et-de-lurbanisme\/\">Cliquez ici pour lire l&rsquo;article depuis sa source.<\/a><\/p>\n","protected":false},"excerpt":{"rendered":"<p>Essaouira \u2013 Le rideau est tomb\u00e9, samedi \u00e0 Essaouira, sur la semaine de l\u2019habitat et de l\u2019urbanisme, organis\u00e9e cette ann\u00e9e sous le signe \u00ab\u00a0Des quartiers et des villes intelligents et respectueux de l\u2019environnement pour un d\u00e9veloppement durable\u00a0\u00bb. Initi\u00e9e par l\u2019Association des Enseignants des Sciences de la Vie et de la Terre (AESVT, section d\u2019Essaouira), en [&hellip;]<\/p>\n","protected":false},"author":1788,"featured_media":0,"comment_status":"closed","ping_status":"closed","sticky":false,"template":"","format":"standard","meta":{"fifu_image_url":"","fifu_image_alt":"","footnotes":""},"categories":[54,76],"tags":[],"class_list":["post-116030","post","type-post","status-publish","format-standard","hentry","category-maroc","category-regions"],"_links":{"self":[{"href":"https:\/\/linitiative.ca\/International\/wp-json\/wp\/v2\/posts\/116030","targetHints":{"allow":["GET"]}}],"collection":[{"href":"https:\/\/linitiative.ca\/International\/wp-json\/wp\/v2\/posts"}],"about":[{"href":"https:\/\/linitiative.ca\/International\/wp-json\/wp\/v2\/types\/post"}],"author":[{"embeddable":true,"href":"https:\/\/linitiative.ca\/International\/wp-json\/wp\/v2\/users\/1788"}],"replies":[{"embeddable":true,"href":"https:\/\/linitiative.ca\/International\/wp-json\/wp\/v2\/comments?post=116030"}],"version-history":[{"count":0,"href":"https:\/\/linitiative.ca\/International\/wp-json\/wp\/v2\/posts\/116030\/revisions"}],"wp:attachment":[{"href":"https:\/\/linitiative.ca\/International\/wp-json\/wp\/v2\/media?parent=116030"}],"wp:term":[{"taxonomy":"category","embeddable":true,"href":"https:\/\/linitiative.ca\/International\/wp-json\/wp\/v2\/categories?post=116030"},{"taxonomy":"post_tag","embeddable":true,"href":"https:\/\/linitiative.ca\/International\/wp-json\/wp\/v2\/tags?post=116030"}],"curies":[{"name":"wp","href":"https:\/\/api.w.org\/{rel}","templated":true}]}}