{"id":116031,"date":"2021-05-03T10:14:06","date_gmt":"2021-05-03T14:14:06","guid":{"rendered":"https:\/\/linitiative.ca\/International\/marche-du-travail-5-regions-abritent-72-des-actifs-de-15-ans-et-plus\/"},"modified":"2021-05-03T10:14:06","modified_gmt":"2021-05-03T14:14:06","slug":"marche-du-travail-5-regions-abritent-72-des-actifs-de-15-ans-et-plus","status":"publish","type":"post","link":"https:\/\/linitiative.ca\/International\/marche-du-travail-5-regions-abritent-72-des-actifs-de-15-ans-et-plus\/","title":{"rendered":"March\u00e9 du travail: 5 r\u00e9gions abritent 72% des actifs de 15 ans et plus"},"content":{"rendered":"<div readability=\"34\">\n<p>Cinq r\u00e9gions du Royaume abritent 72% de l\u2019ensemble des actifs \u00e2g\u00e9s de 15 ans et plus, selon le Haut-Commissariat au Plan (HCP).<\/p>\n<\/div>\n<div readability=\"97\">\n<p>La r\u00e9gion de Casablanca-Settat vient en premi\u00e8re position avec 22,5% d\u2019actifs, suivie de Marrakech-Safi (13,3%), de Rabat-Sal\u00e9-K\u00e9nitra (13,3%), de F\u00e8s-Mekn\u00e8s (11,4%) et de Tanger-T\u00e9touan-Al Hoceima (11,2%), pr\u00e9cise le HCP dans une note d\u2019information relative \u00e0 la situation du march\u00e9 du travail au 1er trimestre 2021.<\/p>\n<p>Ladite note fait \u00e9galement ressortir que quatre r\u00e9gions affichent des taux d\u2019activit\u00e9 plus \u00e9lev\u00e9s que la moyenne nationale (45,5%). Il s\u2019agit de Casablanca-Settat (48,6%), Tanger-T\u00e9touan-Al Hoceima (48,1%), Marrakech-Safi (46,8%) et Dr\u00e2a-Tafilalet (46,4%).<\/p>\n<p>En revanche, les taux les plus bas sont enregistr\u00e9s dans les r\u00e9gions de F\u00e8s-Mekn\u00e8s (42,5%), de Souss-Massa (42,3%) et de l\u2019Oriental (41,6%), rel\u00e8ve la m\u00eame source.<\/p>\n<p>En outre, le HCP indique que presque trois quarts des ch\u00f4meurs (73%) sont concentr\u00e9s dans cinq r\u00e9gions. Casablanca-Settat vient en premi\u00e8re position avec 27,5% de ch\u00f4meurs, suivie de Rabat-Sal\u00e9-K\u00e9nitra (13,1%), de F\u00e8s-Mekn\u00e8s (12,5%), de Tanger-T\u00e9touan-Al Hoceima (10,7%) et de l\u2019Oriental (9,6%).<\/p>\n<p>Les taux de ch\u00f4mage les plus \u00e9lev\u00e9s sont observ\u00e9s dans les r\u00e9gions du Sud (19,6%) et de l\u2019Oriental (18,7%).<\/p>\n<p>Avec moins d\u2019acuit\u00e9, deux autres r\u00e9gions d\u00e9passent la moyenne nationale (12,5%) \u00e0 savoir Casablanca-Settat (15,3%) et F\u00e8s-Mekn\u00e8s (13,6%), tandis que Dr\u00e2a-Tafilalet, Marrakech-Safi et B\u00e9ni Mellal- Kh\u00e9nifra enregistrent les taux les plus bas avec respectivement 7,8%, 7,9% et 8,8%.<\/p>\n<\/div>\n<p>Auteur: Meriem IGASS<br \/>\n<a href=\"http:\/\/www.mapmarrakech.ma\/fr\/marche-du-travail-5-regions-abritent-72-des-actifs-de-15-ans-et-plus\/\">Cliquez ici pour lire l&rsquo;article depuis sa source.<\/a><\/p>\n","protected":false},"excerpt":{"rendered":"<p>Cinq r\u00e9gions du Royaume abritent 72% de l\u2019ensemble des actifs \u00e2g\u00e9s de 15 ans et plus, selon le Haut-Commissariat au Plan (HCP). La r\u00e9gion de Casablanca-Settat vient en premi\u00e8re position avec 22,5% d\u2019actifs, suivie de Marrakech-Safi (13,3%), de Rabat-Sal\u00e9-K\u00e9nitra (13,3%), de F\u00e8s-Mekn\u00e8s (11,4%) et de Tanger-T\u00e9touan-Al Hoceima (11,2%), pr\u00e9cise le HCP dans une note d\u2019information [&hellip;]<\/p>\n","protected":false},"author":1788,"featured_media":0,"comment_status":"closed","ping_status":"closed","sticky":false,"template":"","format":"standard","meta":{"fifu_image_url":"","fifu_image_alt":"","footnotes":""},"categories":[54,76],"tags":[],"class_list":["post-116031","post","type-post","status-publish","format-standard","hentry","category-maroc","category-regions"],"_links":{"self":[{"href":"https:\/\/linitiative.ca\/International\/wp-json\/wp\/v2\/posts\/116031","targetHints":{"allow":["GET"]}}],"collection":[{"href":"https:\/\/linitiative.ca\/International\/wp-json\/wp\/v2\/posts"}],"about":[{"href":"https:\/\/linitiative.ca\/International\/wp-json\/wp\/v2\/types\/post"}],"author":[{"embeddable":true,"href":"https:\/\/linitiative.ca\/International\/wp-json\/wp\/v2\/users\/1788"}],"replies":[{"embeddable":true,"href":"https:\/\/linitiative.ca\/International\/wp-json\/wp\/v2\/comments?post=116031"}],"version-history":[{"count":0,"href":"https:\/\/linitiative.ca\/International\/wp-json\/wp\/v2\/posts\/116031\/revisions"}],"wp:attachment":[{"href":"https:\/\/linitiative.ca\/International\/wp-json\/wp\/v2\/media?parent=116031"}],"wp:term":[{"taxonomy":"category","embeddable":true,"href":"https:\/\/linitiative.ca\/International\/wp-json\/wp\/v2\/categories?post=116031"},{"taxonomy":"post_tag","embeddable":true,"href":"https:\/\/linitiative.ca\/International\/wp-json\/wp\/v2\/tags?post=116031"}],"curies":[{"name":"wp","href":"https:\/\/api.w.org\/{rel}","templated":true}]}}