{"id":116032,"date":"2021-05-03T12:00:34","date_gmt":"2021-05-03T16:00:34","guid":{"rendered":"https:\/\/linitiative.ca\/International\/deux-cas-du-variant-indien-du-covid-19-enregistres-a-casablanca\/"},"modified":"2021-05-03T12:00:34","modified_gmt":"2021-05-03T16:00:34","slug":"deux-cas-du-variant-indien-du-covid-19-enregistres-a-casablanca","status":"publish","type":"post","link":"https:\/\/linitiative.ca\/International\/deux-cas-du-variant-indien-du-covid-19-enregistres-a-casablanca\/","title":{"rendered":"Deux cas du variant indien du Covid-19 enregistr\u00e9s \u00e0 Casablanca"},"content":{"rendered":"<div class=\"single-featured\"><img alt=\"\" data-src=\"http:\/\/www.mapmarrakech.ma\/map\/uploads\/2019\/02\/Ministere-Sante.jpg\"\/><\/div>\n<div class=\"single-post-excerpt post-excerpt-bc\" readability=\"34\">\n<p>Deux cas confirm\u00e9s d\u2019infection au variant indien du nouveau coronavirus (Covid-19) ont \u00e9t\u00e9 enregistr\u00e9s \u00e0 Casablanca, annonce le minist\u00e8re de la Sant\u00e9.<\/p>\n<\/div>\n<div class=\"entry-content clearfix single-post-content\" readability=\"64\">\n<p>\u00ab\u00a0Dans le cadre de la strat\u00e9gie nationale de veille et de riposte \u00e0 l\u2019infection par le Coronavirus, le minist\u00e8re de la Sant\u00e9 informe que le Syst\u00e8me de surveillance \u00e9pid\u00e9miologique et le Syst\u00e8me de gestion des contacts et des foyers ont enregistr\u00e9, \u00e0 Casablanca, deux cas confirm\u00e9s d\u2019infection au variant indien du nouveau coronavirus, lequel se propage rapidement d\u2019apr\u00e8s la communaut\u00e9 scientifique\u00a0\u00bb, indique lundi le minist\u00e8re dans un communiqu\u00e9.<\/p>\n<p>Le premier cas a \u00e9t\u00e9 enregistr\u00e9 chez une personne en provenance de l\u2019\u00e9tranger et le second chez l\u2019un de ses contacts, un \u00e9tranger r\u00e9sidant au Maroc, pr\u00e9cise le minist\u00e8re, notant que l\u2019infection par le nouveau variant a \u00e9t\u00e9 confirm\u00e9e par le Centre national pour la recherche scientifique et technique \u00e0 Rabat, membre de la Coalition nationale des laboratoires de surveillance g\u00e9nomique.<\/p>\n<p>Le minist\u00e8re affirme que les deux cas ainsi que tous leurs contacts ont \u00e9t\u00e9 pris en charge conform\u00e9ment aux protocoles internationaux et nationaux en vigueur, avec renforcement des mesures d\u2019isolement sanitaire, pour faire face aux risques potentiels de propagation de cette souche.<\/p>\n<p>Parall\u00e8lement \u00e0 la poursuite des enqu\u00eates et des mesures visant \u00e0 pr\u00e9venir la propagation de cette souche au Maroc, le minist\u00e8re souligne qu\u2019il continuera \u00e0 informer l\u2019opinion publique nationale de tous les d\u00e9veloppements de la situation.<\/p>\n<p>Le minist\u00e8re de la sant\u00e9 invite les citoyens \u00e0 continuer \u00e0 respecter les r\u00e8gles de pr\u00e9caution et \u00e0 s\u2019engager avec patriotisme et responsabilit\u00e9 dans les mesures pr\u00e9ventives et les mesures prises par le Royaume.<\/p>\n<\/div>\n<p>Auteur: Meriem IGASS<br \/>\n<a href=\"http:\/\/www.mapmarrakech.ma\/fr\/deux-cas-du-variant-indien-du-covid-19-enregistres-a-casablanca\/\">Cliquez ici pour lire l&rsquo;article depuis sa source.<\/a><\/p>\n","protected":false},"excerpt":{"rendered":"<p>Deux cas confirm\u00e9s d\u2019infection au variant indien du nouveau coronavirus (Covid-19) ont \u00e9t\u00e9 enregistr\u00e9s \u00e0 Casablanca, annonce le minist\u00e8re de la Sant\u00e9. \u00ab\u00a0Dans le cadre de la strat\u00e9gie nationale de veille et de riposte \u00e0 l\u2019infection par le Coronavirus, le minist\u00e8re de la Sant\u00e9 informe que le Syst\u00e8me de surveillance \u00e9pid\u00e9miologique et le Syst\u00e8me de [&hellip;]<\/p>\n","protected":false},"author":1788,"featured_media":0,"comment_status":"closed","ping_status":"closed","sticky":false,"template":"","format":"standard","meta":{"fifu_image_url":"http:\/\/www.mapmarrakech.ma\/map\/uploads\/2019\/02\/Ministere-Sante.jpg","fifu_image_alt":"Deux cas du variant indien du Covid-19 enregistr\u00e9s \u00e0 Casablanca","footnotes":""},"categories":[54,76],"tags":[],"class_list":["post-116032","post","type-post","status-publish","format-standard","hentry","category-maroc","category-regions"],"_links":{"self":[{"href":"https:\/\/linitiative.ca\/International\/wp-json\/wp\/v2\/posts\/116032","targetHints":{"allow":["GET"]}}],"collection":[{"href":"https:\/\/linitiative.ca\/International\/wp-json\/wp\/v2\/posts"}],"about":[{"href":"https:\/\/linitiative.ca\/International\/wp-json\/wp\/v2\/types\/post"}],"author":[{"embeddable":true,"href":"https:\/\/linitiative.ca\/International\/wp-json\/wp\/v2\/users\/1788"}],"replies":[{"embeddable":true,"href":"https:\/\/linitiative.ca\/International\/wp-json\/wp\/v2\/comments?post=116032"}],"version-history":[{"count":0,"href":"https:\/\/linitiative.ca\/International\/wp-json\/wp\/v2\/posts\/116032\/revisions"}],"wp:attachment":[{"href":"https:\/\/linitiative.ca\/International\/wp-json\/wp\/v2\/media?parent=116032"}],"wp:term":[{"taxonomy":"category","embeddable":true,"href":"https:\/\/linitiative.ca\/International\/wp-json\/wp\/v2\/categories?post=116032"},{"taxonomy":"post_tag","embeddable":true,"href":"https:\/\/linitiative.ca\/International\/wp-json\/wp\/v2\/tags?post=116032"}],"curies":[{"name":"wp","href":"https:\/\/api.w.org\/{rel}","templated":true}]}}