{"id":116033,"date":"2021-05-03T10:50:26","date_gmt":"2021-05-03T14:50:26","guid":{"rendered":"https:\/\/linitiative.ca\/International\/marche-du-travail-au-t1-2021-lessentiel-de-la-note-du-hcp\/"},"modified":"2021-05-03T10:50:26","modified_gmt":"2021-05-03T14:50:26","slug":"marche-du-travail-au-t1-2021-lessentiel-de-la-note-du-hcp","status":"publish","type":"post","link":"https:\/\/linitiative.ca\/International\/marche-du-travail-au-t1-2021-lessentiel-de-la-note-du-hcp\/","title":{"rendered":"March\u00e9 du Travail au T1-2021: L\u2019essentiel de la note du HCP"},"content":{"rendered":"<p class=\"c4\">Voici l\u2019essentiel de la note d\u2019information du Haut-Commissariat au Plan (HCP) sur la situation du march\u00e9 du travail au premier trimestre de cette ann\u00e9e (T1-2021), rendue public lundi:<\/p>\n<p class=\"c4\">\u2013 Avec une cr\u00e9ation de 56.000 postes en milieu urbain et d\u2019une perte de 258.000 en milieu rural, l\u2019\u00e9conomie nationale a perdu 202.000 postes d\u2019emploi au niveau national, principalement des emplois non r\u00e9mun\u00e9r\u00e9s (185.000 postes).<\/p>\n<p class=\"c4\">\u2013 L\u2019emploi r\u00e9mun\u00e9r\u00e9 a r\u00e9gress\u00e9 de 16.000 postes, cons\u00e9quence d\u2019une perte de 80.000 en zones rurales et d\u2019une cr\u00e9ation de 64.000 emplois en zones urbaines.<\/p>\n<p class=\"c4\">\u2013 Le taux d\u2019activit\u00e9 a baiss\u00e9, au niveau national, de 46% \u00e0 45,5%. Il a baiss\u00e9 de 53,3% \u00e0 51,1% en milieu rural et a augment\u00e9 de 42,1% \u00e0 42,6% en milieu urbain.<\/p>\n<p class=\"c4\">\u2013 Le taux d\u2019emploi a baiss\u00e9 de 41,2% \u00e0 39,9% au niveau national. Ce taux a connu une l\u00e9g\u00e8re baisse de 0,4 point en milieu urbain (de 35,7% \u00e0 35,3%), alors qu\u2019il a perdu 2,8 points en milieu rural (de 51,2% \u00e0 48,4%).<\/p>\n<p class=\"c4\">\u2013 Le secteur de l&rsquo;\u00a0\u00bbagriculture for\u00eat et p\u00eache\u00a0\u00bb a perdu 231.000 postes d\u2019emploi (-6,4%), r\u00e9sultat d\u2019une baisse de 254.000 en milieu rural et d\u2019une hausse de 23.000 en milieu urbain. Le secteur de l&rsquo;\u00a0\u00bbindustrie y compris l\u2019artisanat\u00a0\u00bb a baiss\u00e9 de 48.000 postes, 25.000 en milieu urbain et 23.000 en milieu rural, ce qui correspond \u00e0 une baisse de 3,6% du volume de l\u2019emploi dans ce secteur.<\/p>\n<p class=\"c4\">\u2013 Le secteur des \u00ab\u00a0services\u00a0\u00bb a cr\u00e9\u00e9 42.000 postes d\u2019emploi au niveau national (24.000 en milieu urbain et 18.000 en milieu rural), enregistrant une baisse de 1%. Le secteur des b\u00e2timents et travaux publics (BTP) a cr\u00e9\u00e9 39.000 postes d\u2019emploi (38.000 en urbain et 1.000 en rural), enregistrant une hausse de 3,4%.<\/p>\n<p class=\"c4\">\u2013 Le nombre de ch\u00f4meurs a augment\u00e9 de 242.000 personnes, passant de 1.292.000 \u00e0 1.534.000 ch\u00f4meurs, ce qui correspond \u00e0 une augmentation de 19%.<\/p>\n<p class=\"c4\">\u2013 Le taux de ch\u00f4mage s\u2019est accru de 2 points entre le premier trimestre de 2020 et celui de 2021, passant de 10,5% \u00e0 12,5%.<\/p>\n<p class=\"c4\">\u2013 Le volume du sous-emploi, dans ses deux composantes, est pass\u00e9 de 954.000 personnes \u00e0 988.000. Le taux de sous-emploi est ainsi pass\u00e9 de 8,8% \u00e0 9,2%.<\/p>\n<p class=\"c4\">\u2013 Cinq r\u00e9gions abritent 72% de l\u2019ensemble des actifs \u00e2g\u00e9s de 15 ans et plus. La r\u00e9gion de Casablanca-Settat vient en premi\u00e8re position avec 22,5% d\u2019actifs, suivie de Marrakech-Safi (13,3%), de Rabat-Sal\u00e9-K\u00e9nitra (13,3%), de F\u00e8s-Mekn\u00e8s (11,4%) et de Tanger-T\u00e9touan-Al Hoceima (11,2%).<\/p>\n<p class=\"c4\">\u2013 Presque trois quarts des ch\u00f4meurs (73%) sont concentr\u00e9s dans cinq r\u00e9gions. Il s\u2019agit de Casablanca-Settat (27,5%), Rabat-Sal\u00e9-K\u00e9nitra (13,1%), F\u00e8s-Mekn\u00e8s (12,5%), Tanger-T\u00e9touan-Al Hoceima (10,7%) et de l\u2019Oriental (9,6%).<\/p>\n<p>Auteur: Soufiane ELAHMAR<br \/>\n<a href=\"http:\/\/www.mapoujda.ma\/fr\/marche-du-travail-au-t1-2021-lessentiel-de-la-note-du-hcp\/\">Cliquez ici pour lire l&rsquo;article depuis sa source.<\/a><\/p>\n","protected":false},"excerpt":{"rendered":"<p>Voici l\u2019essentiel de la note d\u2019information du Haut-Commissariat au Plan (HCP) sur la situation du march\u00e9 du travail au premier trimestre de cette ann\u00e9e (T1-2021), rendue public lundi: \u2013 Avec une cr\u00e9ation de 56.000 postes en milieu urbain et d\u2019une perte de 258.000 en milieu rural, l\u2019\u00e9conomie nationale a perdu 202.000 postes d\u2019emploi au niveau [&hellip;]<\/p>\n","protected":false},"author":1788,"featured_media":0,"comment_status":"closed","ping_status":"closed","sticky":false,"template":"","format":"standard","meta":{"fifu_image_url":"","fifu_image_alt":"","footnotes":""},"categories":[54,76],"tags":[],"class_list":["post-116033","post","type-post","status-publish","format-standard","hentry","category-maroc","category-regions"],"_links":{"self":[{"href":"https:\/\/linitiative.ca\/International\/wp-json\/wp\/v2\/posts\/116033","targetHints":{"allow":["GET"]}}],"collection":[{"href":"https:\/\/linitiative.ca\/International\/wp-json\/wp\/v2\/posts"}],"about":[{"href":"https:\/\/linitiative.ca\/International\/wp-json\/wp\/v2\/types\/post"}],"author":[{"embeddable":true,"href":"https:\/\/linitiative.ca\/International\/wp-json\/wp\/v2\/users\/1788"}],"replies":[{"embeddable":true,"href":"https:\/\/linitiative.ca\/International\/wp-json\/wp\/v2\/comments?post=116033"}],"version-history":[{"count":0,"href":"https:\/\/linitiative.ca\/International\/wp-json\/wp\/v2\/posts\/116033\/revisions"}],"wp:attachment":[{"href":"https:\/\/linitiative.ca\/International\/wp-json\/wp\/v2\/media?parent=116033"}],"wp:term":[{"taxonomy":"category","embeddable":true,"href":"https:\/\/linitiative.ca\/International\/wp-json\/wp\/v2\/categories?post=116033"},{"taxonomy":"post_tag","embeddable":true,"href":"https:\/\/linitiative.ca\/International\/wp-json\/wp\/v2\/tags?post=116033"}],"curies":[{"name":"wp","href":"https:\/\/api.w.org\/{rel}","templated":true}]}}