{"id":116035,"date":"2021-05-03T10:36:11","date_gmt":"2021-05-03T14:36:11","guid":{"rendered":"https:\/\/linitiative.ca\/International\/fes-lusmba-se-penche-sur-lavenir-du-commissariat-aux-comptes\/"},"modified":"2021-05-03T10:36:11","modified_gmt":"2021-05-03T14:36:11","slug":"fes-lusmba-se-penche-sur-lavenir-du-commissariat-aux-comptes","status":"publish","type":"post","link":"https:\/\/linitiative.ca\/International\/fes-lusmba-se-penche-sur-lavenir-du-commissariat-aux-comptes\/","title":{"rendered":"F\u00e8s: L\u2019USMBA se penche sur l\u2019avenir du Commissariat aux comptes"},"content":{"rendered":"<p class=\"rtejustify\">Dans le cadre des journ\u00e9es universitaires du partenariat, l\u2019Universit\u00e9 Sidi Mohamed Ben Abdellah de F\u00e8s (USMBA), organise la 2e journ\u00e9e d\u2019\u00e9tude ce mardi 4 mai 2021. Initi\u00e9e sous le th\u00e8me \u00a0\u00ab\u00a0Avenir du commissariat aux comptes : quelques r\u00e9flexions \u00e0 la lumi\u00e8re de la r\u00e9forme internationale\u00a0\u00bb, en collaboration avec le Conseil national de l\u2019ordre des experts comptables (CNOEC), et le Conseil r\u00e9gional de l\u2019ordre des experts comptables de F\u00e8s- Mekn\u00e8s et l\u2019Oriental, cette rencontre promet une r\u00e9flexion de haut niveau. Cet \u00e9v\u00e9nement sera aussi une occasion pour signer une convention cadre de coop\u00e9ration et de partenariat entre l\u2019USMBA de F\u00e8s, le CNOEC, et le CROEC de F\u00e8s-Mekn\u00e8s et l\u2019Oriental. Au programme, un panel des officiels se prononcera au d\u00e9but de l\u2019\u00e9v\u00e8nement. Il s\u2019agit du pr\u00e9sident de l\u2019USMBA, Pr. Radouane Mrabet, le pr\u00e9sident du CNOEC, Amine Baakili, ainsi que le Pr\u00e9sident du CROEC de F\u00e8s- Mekn\u00e8s et l\u2019Oriental, Mohammed Amouri.<\/p>\n<p class=\"rtejustify\"><em>Y.S.A.<\/em><\/p>\n<p class=\"rtejustify\">\u00a0<\/p>\n<p>Auteur: hgueye<br \/>\n<a href=\"https:\/\/www.leconomiste.com\/flash-infos\/fes-l-usmba-se-penche-sur-l-avenir-du-commissariat-aux-comptes\">Cliquez ici pour lire l&rsquo;article depuis sa source.<\/a><\/p>\n","protected":false},"excerpt":{"rendered":"<p>Dans le cadre des journ\u00e9es universitaires du partenariat, l\u2019Universit\u00e9 Sidi Mohamed Ben Abdellah de F\u00e8s (USMBA), organise la 2e journ\u00e9e d\u2019\u00e9tude ce mardi 4 mai 2021. Initi\u00e9e sous le th\u00e8me \u00a0\u00ab\u00a0Avenir du commissariat aux comptes : quelques r\u00e9flexions \u00e0 la lumi\u00e8re de la r\u00e9forme internationale\u00a0\u00bb, en collaboration avec le Conseil national de l\u2019ordre des experts [&hellip;]<\/p>\n","protected":false},"author":1763,"featured_media":0,"comment_status":"closed","ping_status":"closed","sticky":false,"template":"","format":"standard","meta":{"fifu_image_url":"","fifu_image_alt":"","footnotes":""},"categories":[78,54],"tags":[],"class_list":["post-116035","post","type-post","status-publish","format-standard","hentry","category-economie","category-maroc"],"_links":{"self":[{"href":"https:\/\/linitiative.ca\/International\/wp-json\/wp\/v2\/posts\/116035","targetHints":{"allow":["GET"]}}],"collection":[{"href":"https:\/\/linitiative.ca\/International\/wp-json\/wp\/v2\/posts"}],"about":[{"href":"https:\/\/linitiative.ca\/International\/wp-json\/wp\/v2\/types\/post"}],"author":[{"embeddable":true,"href":"https:\/\/linitiative.ca\/International\/wp-json\/wp\/v2\/users\/1763"}],"replies":[{"embeddable":true,"href":"https:\/\/linitiative.ca\/International\/wp-json\/wp\/v2\/comments?post=116035"}],"version-history":[{"count":0,"href":"https:\/\/linitiative.ca\/International\/wp-json\/wp\/v2\/posts\/116035\/revisions"}],"wp:attachment":[{"href":"https:\/\/linitiative.ca\/International\/wp-json\/wp\/v2\/media?parent=116035"}],"wp:term":[{"taxonomy":"category","embeddable":true,"href":"https:\/\/linitiative.ca\/International\/wp-json\/wp\/v2\/categories?post=116035"},{"taxonomy":"post_tag","embeddable":true,"href":"https:\/\/linitiative.ca\/International\/wp-json\/wp\/v2\/tags?post=116035"}],"curies":[{"name":"wp","href":"https:\/\/api.w.org\/{rel}","templated":true}]}}