{"id":116036,"date":"2021-05-03T11:04:27","date_gmt":"2021-05-03T15:04:27","guid":{"rendered":"https:\/\/linitiative.ca\/International\/deces-de-bechir-ben-yahmed\/"},"modified":"2021-05-03T11:04:27","modified_gmt":"2021-05-03T15:04:27","slug":"deces-de-bechir-ben-yahmed","status":"publish","type":"post","link":"https:\/\/linitiative.ca\/International\/deces-de-bechir-ben-yahmed\/","title":{"rendered":"D\u00e9c\u00e8s de B\u00e9chir Ben Yahmed"},"content":{"rendered":"<p class=\"rtejustify\">B\u00e9chir Ben Yahmed, le fondateur de JeuneAfrique, est d\u00e9c\u00e9d\u00e9 ce lundi 3 mai \u00e0 l\u2019h\u00f4pital Lariboisi\u00e8re, \u00e0 Paris, des suites du Covid-19. \u00c2g\u00e9 de 93 ans, BBY comme on l\u2019appelait avait lanc\u00e9 ce magazine panafricain en 1960 sous le nom \u00ab\u00a0Afrique Action\u00a0\u00bb. Au fil de son \u00e9volution, JeuneAfrique a accueilli plusieurs journalistes et auteurs de renom, notamment Frantz Fanon, l\u2019\u00e9crivain Kateb Yacine, le futur acad\u00e9micien Amin Maalouf (Prix Goncourt 1993 pour Le Rocher de Tanios), la Franco-Marocaine Le\u00efla Slimani (Goncourt 2016 pour Chanson douce)&#8230; \u00c0 la fin de la d\u00e9cennie 2000, B\u00e9chir Ben Yahmed avait pass\u00e9 les r\u00eanes du groupe \u00e0 ses fils, Amir et Marwane, ainsi qu\u2019au directeur de la r\u00e9daction, Fran\u00e7ois Soudan.<\/p>\n<p>Auteur: hgueye<br \/>\n<a href=\"https:\/\/www.leconomiste.com\/flash-infos\/deces-de-bechir-ben-yahmed\">Cliquez ici pour lire l&rsquo;article depuis sa source.<\/a><\/p>\n","protected":false},"excerpt":{"rendered":"<p>B\u00e9chir Ben Yahmed, le fondateur de JeuneAfrique, est d\u00e9c\u00e9d\u00e9 ce lundi 3 mai \u00e0 l\u2019h\u00f4pital Lariboisi\u00e8re, \u00e0 Paris, des suites du Covid-19. \u00c2g\u00e9 de 93 ans, BBY comme on l\u2019appelait avait lanc\u00e9 ce magazine panafricain en 1960 sous le nom \u00ab\u00a0Afrique Action\u00a0\u00bb. Au fil de son \u00e9volution, JeuneAfrique a accueilli plusieurs journalistes et auteurs de [&hellip;]<\/p>\n","protected":false},"author":1763,"featured_media":0,"comment_status":"closed","ping_status":"closed","sticky":false,"template":"","format":"standard","meta":{"fifu_image_url":"","fifu_image_alt":"","footnotes":""},"categories":[78,54],"tags":[],"class_list":["post-116036","post","type-post","status-publish","format-standard","hentry","category-economie","category-maroc"],"_links":{"self":[{"href":"https:\/\/linitiative.ca\/International\/wp-json\/wp\/v2\/posts\/116036","targetHints":{"allow":["GET"]}}],"collection":[{"href":"https:\/\/linitiative.ca\/International\/wp-json\/wp\/v2\/posts"}],"about":[{"href":"https:\/\/linitiative.ca\/International\/wp-json\/wp\/v2\/types\/post"}],"author":[{"embeddable":true,"href":"https:\/\/linitiative.ca\/International\/wp-json\/wp\/v2\/users\/1763"}],"replies":[{"embeddable":true,"href":"https:\/\/linitiative.ca\/International\/wp-json\/wp\/v2\/comments?post=116036"}],"version-history":[{"count":0,"href":"https:\/\/linitiative.ca\/International\/wp-json\/wp\/v2\/posts\/116036\/revisions"}],"wp:attachment":[{"href":"https:\/\/linitiative.ca\/International\/wp-json\/wp\/v2\/media?parent=116036"}],"wp:term":[{"taxonomy":"category","embeddable":true,"href":"https:\/\/linitiative.ca\/International\/wp-json\/wp\/v2\/categories?post=116036"},{"taxonomy":"post_tag","embeddable":true,"href":"https:\/\/linitiative.ca\/International\/wp-json\/wp\/v2\/tags?post=116036"}],"curies":[{"name":"wp","href":"https:\/\/api.w.org\/{rel}","templated":true}]}}