{"id":116037,"date":"2021-05-03T11:32:30","date_gmt":"2021-05-03T15:32:30","guid":{"rendered":"https:\/\/linitiative.ca\/International\/situation-des-entreprises-de-presse-el-ferdaous-se-reunit-avec-lanme\/"},"modified":"2021-05-03T11:32:30","modified_gmt":"2021-05-03T15:32:30","slug":"situation-des-entreprises-de-presse-el-ferdaous-se-reunit-avec-lanme","status":"publish","type":"post","link":"https:\/\/linitiative.ca\/International\/situation-des-entreprises-de-presse-el-ferdaous-se-reunit-avec-lanme\/","title":{"rendered":"Situation des entreprises de presse: El Ferdaous se r\u00e9unit avec l&rsquo;ANME"},"content":{"rendered":"<p class=\"rtejustify\">La situation difficile des entreprises de presse \u00e0 la lumi\u00e8re de la pand\u00e9mie de covid-19, a \u00e9t\u00e9 au centre d\u2019une r\u00e9union lundi \u00e0 Rabat entre le ministre de la Culture, de la Jeunesse et des Sports, Othman El Ferdaous, et une d\u00e9l\u00e9gation repr\u00e9sentant l\u2019Association nationale des m\u00e9dias et des \u00e9diteurs (ANME), pr\u00e9sid\u00e9e par\u00a0Abdelmounaim Dilami.<\/p>\n<p class=\"rtejustify\">Durant cette rencontre, l&rsquo;ANME a\u00a0appel\u00e9 le ministre \u00e0 lui apporter son soutien dans le d\u00e9bat qu\u2019elle veut entamer avec les grands groupes mondiaux (GAFA) apr\u00e8s l\u2019avoir inform\u00e9 des d\u00e9marches qu\u2019elle compte entreprendre \u00e0 cet effet. El Ferdaous a de son c\u00f4t\u00e9 promis de \u00ab\u00a0ne m\u00e9nager aucun effort d\u2019une part, pour soutenir toutes les d\u00e9marches que l\u2019ANME souhaite entreprendre pour le d\u00e9veloppement du secteur et d\u2019autre part, \u0153uvrer en vue de continuer \u00e0 soutenir les entreprises de presse durant les trois prochains mois\u00a0\u00bb. Le ministre a d&rsquo;ailleurs fait savoir que les arri\u00e9r\u00e9s de cotisations de s\u00e9curit\u00e9 sociale ont \u00e9t\u00e9 vers\u00e9es et qu\u2019elles \u00e9taient en cours de traitement par la CNSS.<\/p>\n<p class=\"rtejustify\">\u00a0<\/p>\n<p>Auteur: hgueye<br \/>\n<a href=\"https:\/\/www.leconomiste.com\/flash-infos\/situation-des-entreprises-de-presse-el-ferdaouss-se-reunit-avec-l-anme\">Cliquez ici pour lire l&rsquo;article depuis sa source.<\/a><\/p>\n","protected":false},"excerpt":{"rendered":"<p>La situation difficile des entreprises de presse \u00e0 la lumi\u00e8re de la pand\u00e9mie de covid-19, a \u00e9t\u00e9 au centre d\u2019une r\u00e9union lundi \u00e0 Rabat entre le ministre de la Culture, de la Jeunesse et des Sports, Othman El Ferdaous, et une d\u00e9l\u00e9gation repr\u00e9sentant l\u2019Association nationale des m\u00e9dias et des \u00e9diteurs (ANME), pr\u00e9sid\u00e9e par\u00a0Abdelmounaim Dilami. Durant [&hellip;]<\/p>\n","protected":false},"author":1763,"featured_media":0,"comment_status":"closed","ping_status":"closed","sticky":false,"template":"","format":"standard","meta":{"fifu_image_url":"","fifu_image_alt":"","footnotes":""},"categories":[78,54],"tags":[],"class_list":["post-116037","post","type-post","status-publish","format-standard","hentry","category-economie","category-maroc"],"_links":{"self":[{"href":"https:\/\/linitiative.ca\/International\/wp-json\/wp\/v2\/posts\/116037","targetHints":{"allow":["GET"]}}],"collection":[{"href":"https:\/\/linitiative.ca\/International\/wp-json\/wp\/v2\/posts"}],"about":[{"href":"https:\/\/linitiative.ca\/International\/wp-json\/wp\/v2\/types\/post"}],"author":[{"embeddable":true,"href":"https:\/\/linitiative.ca\/International\/wp-json\/wp\/v2\/users\/1763"}],"replies":[{"embeddable":true,"href":"https:\/\/linitiative.ca\/International\/wp-json\/wp\/v2\/comments?post=116037"}],"version-history":[{"count":0,"href":"https:\/\/linitiative.ca\/International\/wp-json\/wp\/v2\/posts\/116037\/revisions"}],"wp:attachment":[{"href":"https:\/\/linitiative.ca\/International\/wp-json\/wp\/v2\/media?parent=116037"}],"wp:term":[{"taxonomy":"category","embeddable":true,"href":"https:\/\/linitiative.ca\/International\/wp-json\/wp\/v2\/categories?post=116037"},{"taxonomy":"post_tag","embeddable":true,"href":"https:\/\/linitiative.ca\/International\/wp-json\/wp\/v2\/tags?post=116037"}],"curies":[{"name":"wp","href":"https:\/\/api.w.org\/{rel}","templated":true}]}}