{"id":116038,"date":"2021-05-03T11:57:54","date_gmt":"2021-05-03T15:57:54","guid":{"rendered":"https:\/\/linitiative.ca\/International\/variant-indien-deux-cas-a-casablanca\/"},"modified":"2021-05-03T11:57:54","modified_gmt":"2021-05-03T15:57:54","slug":"variant-indien-deux-cas-a-casablanca","status":"publish","type":"post","link":"https:\/\/linitiative.ca\/International\/variant-indien-deux-cas-a-casablanca\/","title":{"rendered":"Variant indien: Deux cas \u00e0 Casablanca"},"content":{"rendered":"<p class=\"rtejustify\">Deux cas confirm\u00e9s d&rsquo;infection au variant indien du nouveau coronavirus (Covid-19) ont \u00e9t\u00e9 enregistr\u00e9s \u00e0 Casablanca, annonce lundi le minist\u00e8re de la Sant\u00e9.<\/p>\n<p class=\"rtejustify\">Ces cas ont \u00e9t\u00e9 d\u00e9tect\u00e9s chez une personne en provenance de l&rsquo;\u00e9tranger et chez l&rsquo;un de ses contacts, un \u00e9tranger r\u00e9sidant au Maroc, pr\u00e9cise le minist\u00e8re, ajoutant que ces deux cas ainsi que tous leurs contacts ont \u00e9t\u00e9 pris en charge conform\u00e9ment aux protocoles internationaux et nationaux en vigueur, avec renforcement des mesures d&rsquo;isolement sanitaire, pour faire face aux risques potentiels de propagation de cette souche.<\/p>\n<p>Auteur: hgueye<br \/>\n<a href=\"https:\/\/www.leconomiste.com\/flash-infos\/variant-indien-deux-cas-casablanca\">Cliquez ici pour lire l&rsquo;article depuis sa source.<\/a><\/p>\n","protected":false},"excerpt":{"rendered":"<p>Deux cas confirm\u00e9s d&rsquo;infection au variant indien du nouveau coronavirus (Covid-19) ont \u00e9t\u00e9 enregistr\u00e9s \u00e0 Casablanca, annonce lundi le minist\u00e8re de la Sant\u00e9. Ces cas ont \u00e9t\u00e9 d\u00e9tect\u00e9s chez une personne en provenance de l&rsquo;\u00e9tranger et chez l&rsquo;un de ses contacts, un \u00e9tranger r\u00e9sidant au Maroc, pr\u00e9cise le minist\u00e8re, ajoutant que ces deux cas ainsi [&hellip;]<\/p>\n","protected":false},"author":1763,"featured_media":0,"comment_status":"closed","ping_status":"closed","sticky":false,"template":"","format":"standard","meta":{"fifu_image_url":"","fifu_image_alt":"","footnotes":""},"categories":[78,54],"tags":[],"class_list":["post-116038","post","type-post","status-publish","format-standard","hentry","category-economie","category-maroc"],"_links":{"self":[{"href":"https:\/\/linitiative.ca\/International\/wp-json\/wp\/v2\/posts\/116038","targetHints":{"allow":["GET"]}}],"collection":[{"href":"https:\/\/linitiative.ca\/International\/wp-json\/wp\/v2\/posts"}],"about":[{"href":"https:\/\/linitiative.ca\/International\/wp-json\/wp\/v2\/types\/post"}],"author":[{"embeddable":true,"href":"https:\/\/linitiative.ca\/International\/wp-json\/wp\/v2\/users\/1763"}],"replies":[{"embeddable":true,"href":"https:\/\/linitiative.ca\/International\/wp-json\/wp\/v2\/comments?post=116038"}],"version-history":[{"count":0,"href":"https:\/\/linitiative.ca\/International\/wp-json\/wp\/v2\/posts\/116038\/revisions"}],"wp:attachment":[{"href":"https:\/\/linitiative.ca\/International\/wp-json\/wp\/v2\/media?parent=116038"}],"wp:term":[{"taxonomy":"category","embeddable":true,"href":"https:\/\/linitiative.ca\/International\/wp-json\/wp\/v2\/categories?post=116038"},{"taxonomy":"post_tag","embeddable":true,"href":"https:\/\/linitiative.ca\/International\/wp-json\/wp\/v2\/tags?post=116038"}],"curies":[{"name":"wp","href":"https:\/\/api.w.org\/{rel}","templated":true}]}}