{"id":116039,"date":"2021-05-03T12:00:52","date_gmt":"2021-05-03T16:00:52","guid":{"rendered":"https:\/\/linitiative.ca\/International\/covid-51-millions-de-personnes-vaccinees\/"},"modified":"2021-05-03T12:00:52","modified_gmt":"2021-05-03T16:00:52","slug":"covid-51-millions-de-personnes-vaccinees","status":"publish","type":"post","link":"https:\/\/linitiative.ca\/International\/covid-51-millions-de-personnes-vaccinees\/","title":{"rendered":"Covid: 5,1 millions de personnes vaccin\u00e9es"},"content":{"rendered":"<p class=\"rtejustify\">Un total de <strong>56<\/strong> nouveaux cas d&rsquo;infection au coronavirus et de <strong>209<\/strong> gu\u00e9risons a \u00e9t\u00e9 enregistr\u00e9 au Maroc au cours des derni\u00e8res 24 heures, a annonc\u00e9 lundi\u00a0le minist\u00e8re de la Sant\u00e9. Le nombre des personnes vaccin\u00e9es \u00e0 ce jour (1\u00e8re dose) a atteint <strong>5.107.128<\/strong>, indique le minist\u00e8re dans son bulletin quotidien sur la situation de la Covid-19, relevant que les personnes qui ont \u00e9t\u00e9 compl\u00e8tement vaccin\u00e9es (1\u00e8re et 2\u00e8me doses) sont au nombre de <strong>4.282.269<\/strong>. Plus de <strong>73.000<\/strong> nouvelles doses ont \u00e9t\u00e9 inject\u00e9es en 24H.<\/p>\n<p class=\"rtejustify\">Ce nouveau bilan porte \u00e0 <strong>511.912<\/strong> le nombre total des contaminations depuis le premier cas signal\u00e9 en mars 2020, tandis que le nombre des personnes r\u00e9tablies est pass\u00e9 \u00e0 , soit un taux de gu\u00e9rison de 97,4%, pr\u00e9cise le minist\u00e8re. Quant au nombre total des d\u00e9c\u00e8s, il est pass\u00e9 \u00e0\u00a0<strong>9.032<\/strong> avec <strong>4<\/strong> nouveaux cas recens\u00e9s en 24 heures, soit un taux de l\u00e9talit\u00e9 de 1,8%. Le nombre des cas actifs s&rsquo;\u00e9l\u00e8ve \u00e0 <strong>4.256<\/strong>, tandis que les cas s\u00e9v\u00e8res ou critiques sont au nombre de <strong>302<\/strong>, dont <strong>20<\/strong> plac\u00e9s sous intubation.<\/p>\n<p>Auteur: hgueye<br \/>\n<a href=\"https:\/\/www.leconomiste.com\/flash-infos\/covid19-3\">Cliquez ici pour lire l&rsquo;article depuis sa source.<\/a><\/p>\n","protected":false},"excerpt":{"rendered":"<p>Un total de 56 nouveaux cas d&rsquo;infection au coronavirus et de 209 gu\u00e9risons a \u00e9t\u00e9 enregistr\u00e9 au Maroc au cours des derni\u00e8res 24 heures, a annonc\u00e9 lundi\u00a0le minist\u00e8re de la Sant\u00e9. Le nombre des personnes vaccin\u00e9es \u00e0 ce jour (1\u00e8re dose) a atteint 5.107.128, indique le minist\u00e8re dans son bulletin quotidien sur la situation de [&hellip;]<\/p>\n","protected":false},"author":1763,"featured_media":0,"comment_status":"closed","ping_status":"closed","sticky":false,"template":"","format":"standard","meta":{"fifu_image_url":"","fifu_image_alt":"","footnotes":""},"categories":[78,54],"tags":[],"class_list":["post-116039","post","type-post","status-publish","format-standard","hentry","category-economie","category-maroc"],"_links":{"self":[{"href":"https:\/\/linitiative.ca\/International\/wp-json\/wp\/v2\/posts\/116039","targetHints":{"allow":["GET"]}}],"collection":[{"href":"https:\/\/linitiative.ca\/International\/wp-json\/wp\/v2\/posts"}],"about":[{"href":"https:\/\/linitiative.ca\/International\/wp-json\/wp\/v2\/types\/post"}],"author":[{"embeddable":true,"href":"https:\/\/linitiative.ca\/International\/wp-json\/wp\/v2\/users\/1763"}],"replies":[{"embeddable":true,"href":"https:\/\/linitiative.ca\/International\/wp-json\/wp\/v2\/comments?post=116039"}],"version-history":[{"count":0,"href":"https:\/\/linitiative.ca\/International\/wp-json\/wp\/v2\/posts\/116039\/revisions"}],"wp:attachment":[{"href":"https:\/\/linitiative.ca\/International\/wp-json\/wp\/v2\/media?parent=116039"}],"wp:term":[{"taxonomy":"category","embeddable":true,"href":"https:\/\/linitiative.ca\/International\/wp-json\/wp\/v2\/categories?post=116039"},{"taxonomy":"post_tag","embeddable":true,"href":"https:\/\/linitiative.ca\/International\/wp-json\/wp\/v2\/tags?post=116039"}],"curies":[{"name":"wp","href":"https:\/\/api.w.org\/{rel}","templated":true}]}}