{"id":116040,"date":"2021-05-03T15:14:03","date_gmt":"2021-05-03T19:14:03","guid":{"rendered":"https:\/\/linitiative.ca\/International\/pros-feghouli-aurait-decide-de-quitter-galatasaray\/"},"modified":"2021-05-03T15:14:03","modified_gmt":"2021-05-03T19:14:03","slug":"pros-feghouli-aurait-decide-de-quitter-galatasaray","status":"publish","type":"post","link":"https:\/\/linitiative.ca\/International\/pros-feghouli-aurait-decide-de-quitter-galatasaray\/","title":{"rendered":"Pros : Feghouli aurait d\u00e9cid\u00e9 de quitter Galatasaray"},"content":{"rendered":"<div readability=\"32\">\n<p>Auteur : <span>Riad O.<\/span> <span class=\"time\">lundi 03 mai 2021 17:26<\/span><\/p>\n<\/div>\n<div id=\"post_core\" readability=\"42\">\n<p>A en croire la presse turque, Sofiane Feghouli aurait d\u00e9cid\u00e9 de quitter cet \u00e9t\u00e9 son club du Galatasaray. La m\u00eame source explique que le joueur de l\u2019EN aurait inform\u00e9 ses co\u00e9quipiers de sa d\u00e9cision. Sous contrat avec le Galatasaray jusqu\u2019en juin 2022, Feghouli connait, ces derniers temps, quelques probl\u00e8mes avec son coach, Fatih Terim.<\/p>\n<p><span class=\"c2\"><strong>Riad O.<\/strong><\/span><\/p>\n<p><strong>Publi\u00e9 dans :<\/strong> <span>Feghouli<\/span> <span>Galatasaray<\/span><\/p>\n<\/div>\n<p>Auteur:<br \/>\n<a href=\"http:\/\/www.lebuteur.com\/article\/detail?titre=feghouli-aurait-decide-de-quitter-galatasaray&#038;id=99932&#038;utm_source=feedburner&#038;utm_medium=feed&#038;utm_campaign=Feed%3A+GalerieFArtciles+%28Les+derniers+articles++-+lebuteur.com%29\">Cliquez ici pour lire l&rsquo;article depuis sa source.<\/a><\/p>\n","protected":false},"excerpt":{"rendered":"<p>Auteur : Riad O. lundi 03 mai 2021 17:26 A en croire la presse turque, Sofiane Feghouli aurait d\u00e9cid\u00e9 de quitter cet \u00e9t\u00e9 son club du Galatasaray. La m\u00eame source explique que le joueur de l\u2019EN aurait inform\u00e9 ses co\u00e9quipiers de sa d\u00e9cision. Sous contrat avec le Galatasaray jusqu\u2019en juin 2022, Feghouli connait, ces derniers [&hellip;]<\/p>\n","protected":false},"author":1738,"featured_media":0,"comment_status":"closed","ping_status":"closed","sticky":false,"template":"","format":"standard","meta":{"fifu_image_url":"\/\/cdn.lebuteur.com\/data\/images\/article\/thumbs\/large-feghouli-aurait-decide-de-quitter-galatasaray-a4e61.jpg","fifu_image_alt":"Pros : Feghouli aurait d\u00e9cid\u00e9 de quitter Galatasaray","footnotes":""},"categories":[53,75],"tags":[],"class_list":["post-116040","post","type-post","status-publish","format-standard","hentry","category-algerie","category-sport"],"_links":{"self":[{"href":"https:\/\/linitiative.ca\/International\/wp-json\/wp\/v2\/posts\/116040","targetHints":{"allow":["GET"]}}],"collection":[{"href":"https:\/\/linitiative.ca\/International\/wp-json\/wp\/v2\/posts"}],"about":[{"href":"https:\/\/linitiative.ca\/International\/wp-json\/wp\/v2\/types\/post"}],"author":[{"embeddable":true,"href":"https:\/\/linitiative.ca\/International\/wp-json\/wp\/v2\/users\/1738"}],"replies":[{"embeddable":true,"href":"https:\/\/linitiative.ca\/International\/wp-json\/wp\/v2\/comments?post=116040"}],"version-history":[{"count":0,"href":"https:\/\/linitiative.ca\/International\/wp-json\/wp\/v2\/posts\/116040\/revisions"}],"wp:attachment":[{"href":"https:\/\/linitiative.ca\/International\/wp-json\/wp\/v2\/media?parent=116040"}],"wp:term":[{"taxonomy":"category","embeddable":true,"href":"https:\/\/linitiative.ca\/International\/wp-json\/wp\/v2\/categories?post=116040"},{"taxonomy":"post_tag","embeddable":true,"href":"https:\/\/linitiative.ca\/International\/wp-json\/wp\/v2\/tags?post=116040"}],"curies":[{"name":"wp","href":"https:\/\/api.w.org\/{rel}","templated":true}]}}