{"id":116043,"date":"2021-05-03T15:14:15","date_gmt":"2021-05-03T19:14:15","guid":{"rendered":"https:\/\/linitiative.ca\/International\/pros-bordeaux-seloigne-de-la-zone-rouge-la-joie-de-mehdi-zerkane\/"},"modified":"2021-05-03T15:14:15","modified_gmt":"2021-05-03T19:14:15","slug":"pros-bordeaux-seloigne-de-la-zone-rouge-la-joie-de-mehdi-zerkane","status":"publish","type":"post","link":"https:\/\/linitiative.ca\/International\/pros-bordeaux-seloigne-de-la-zone-rouge-la-joie-de-mehdi-zerkane\/","title":{"rendered":"Pros : Bordeaux s&rsquo;\u00e9loigne de la zone rouge. La Joie de Mehdi Zerkane"},"content":{"rendered":"<div readability=\"32\">\n<p>Auteur : <span class=\"time\">lundi 03 mai 2021 19:03<\/span><\/p>\n<\/div>\n<div id=\"post_core\" readability=\"43\">\n<p>C\u2019est donc avec un grand soulagement que Zerkane s\u2019est confi\u00e9 \u00e0 Canal+ \u00e0 la fin de la rencontre : \u00ab\u00a0C\u2019est magnifique. C\u2019est comme \u00e7a que je veux voir mon \u00e9quipe jouer. On a jou\u00e9 contre une \u00e9quipe difficile \u00e0 man\u0153uvrer, et l\u00e0 on a souffert les uns pour les autres, on a couru, on a bien jou\u00e9 au ballon. On gagne, \u00e7a nous donne du souffle, on est super content pour nos supporters, nos familles. \u00c7a fait du bien, on a le sourire. C\u2019est une journ\u00e9e grav\u00e9e dans nos m\u00e9moires\u00a0\u00bb , a confi\u00e9 le Bordelais dans des propos relay\u00e9s par Maxifoot et Sport.<\/p>\n<p><strong>Publi\u00e9 dans :<\/strong> <span>Zerkane<\/span><\/p>\n<\/div>\n<p>Auteur:<br \/>\n<a href=\"http:\/\/www.lebuteur.com\/article\/detail?titre=bordeaux-seloigne-de-la-zone-rouge-la-joie-de-mehdi-zerkane&#038;id=99935&#038;utm_source=feedburner&#038;utm_medium=feed&#038;utm_campaign=Feed%3A+GalerieFArtciles+%28Les+derniers+articles++-+lebuteur.com%29\">Cliquez ici pour lire l&rsquo;article depuis sa source.<\/a><\/p>\n","protected":false},"excerpt":{"rendered":"<p>Auteur : lundi 03 mai 2021 19:03 C\u2019est donc avec un grand soulagement que Zerkane s\u2019est confi\u00e9 \u00e0 Canal+ \u00e0 la fin de la rencontre : \u00ab\u00a0C\u2019est magnifique. C\u2019est comme \u00e7a que je veux voir mon \u00e9quipe jouer. On a jou\u00e9 contre une \u00e9quipe difficile \u00e0 man\u0153uvrer, et l\u00e0 on a souffert les uns pour [&hellip;]<\/p>\n","protected":false},"author":1738,"featured_media":0,"comment_status":"closed","ping_status":"closed","sticky":false,"template":"","format":"standard","meta":{"fifu_image_url":"\/\/cdn.lebuteur.com\/data\/images\/article\/thumbs\/large-bordeaux-seloigne-de-la-zone-rouge-la-joie-de-mehdi-zerkane-4c0db.jpg","fifu_image_alt":"Pros : Bordeaux s'\u00e9loigne de la zone rouge. La Joie de Mehdi Zerkane","footnotes":""},"categories":[53,75],"tags":[],"class_list":["post-116043","post","type-post","status-publish","format-standard","hentry","category-algerie","category-sport"],"_links":{"self":[{"href":"https:\/\/linitiative.ca\/International\/wp-json\/wp\/v2\/posts\/116043","targetHints":{"allow":["GET"]}}],"collection":[{"href":"https:\/\/linitiative.ca\/International\/wp-json\/wp\/v2\/posts"}],"about":[{"href":"https:\/\/linitiative.ca\/International\/wp-json\/wp\/v2\/types\/post"}],"author":[{"embeddable":true,"href":"https:\/\/linitiative.ca\/International\/wp-json\/wp\/v2\/users\/1738"}],"replies":[{"embeddable":true,"href":"https:\/\/linitiative.ca\/International\/wp-json\/wp\/v2\/comments?post=116043"}],"version-history":[{"count":0,"href":"https:\/\/linitiative.ca\/International\/wp-json\/wp\/v2\/posts\/116043\/revisions"}],"wp:attachment":[{"href":"https:\/\/linitiative.ca\/International\/wp-json\/wp\/v2\/media?parent=116043"}],"wp:term":[{"taxonomy":"category","embeddable":true,"href":"https:\/\/linitiative.ca\/International\/wp-json\/wp\/v2\/categories?post=116043"},{"taxonomy":"post_tag","embeddable":true,"href":"https:\/\/linitiative.ca\/International\/wp-json\/wp\/v2\/tags?post=116043"}],"curies":[{"name":"wp","href":"https:\/\/api.w.org\/{rel}","templated":true}]}}