{"id":116046,"date":"2021-05-03T14:18:48","date_gmt":"2021-05-03T18:18:48","guid":{"rendered":"https:\/\/linitiative.ca\/International\/protection-civile-230-agents-suspendus\/"},"modified":"2021-05-03T14:18:48","modified_gmt":"2021-05-03T18:18:48","slug":"protection-civile-230-agents-suspendus","status":"publish","type":"post","link":"https:\/\/linitiative.ca\/International\/protection-civile-230-agents-suspendus\/","title":{"rendered":"Protection civile : 230 agents suspendus"},"content":{"rendered":"<h4 class=\"title-14\"\/>\n<div class=\"featured_image\"><img loading=\"lazy\" decoding=\"async\" width=\"900\" height=\"599\" src=\"https:\/\/www.elwatan.com\/wp-content\/uploads\/2021\/05\/Gr\u00e8ve-dess-agents-de-le-protection-e1620066106810.jpg\" class=\"attachment-post-thumbnail size-post-thumbnail wp-post-image\" alt=\"\"\/> <span class=\"featured-image-caption\">Photo : Lyes H.<\/span><\/div>\n<p><strong><em>Le minist\u00e8re de l\u2019Int\u00e9rieur a indiqu\u00e9, aujourd\u2019hui lundi 3 mai, que 230 agents de la protection civile ont \u00e9t\u00e9 suspendus \u00e0 la suite du mouvement de protestation qui a eu lieu hier, lorsque quelques centaines de \u00ab\u00a0sapeurs-pompiers\u00a0\u00bb avaient tent\u00e9 de marcher vers le Palais d\u2019El Mouradia.<\/em><\/strong><\/p>\n<p>Ce d\u00e9partement minist\u00e9riel a indiqu\u00e9 dans le m\u00eame communiqu\u00e9 que des poursuites judiciaires seront \u00e9galement engag\u00e9es contre eux.<\/p>\n<p>L&rsquo;\u00a0\u00bbInt\u00e9rieur\u00a0\u00bb, qui s\u2019est appuy\u00e9, d\u2019apr\u00e8s le communiqu\u00e9, sur le statut particulier des agents de la protection civile, a estim\u00e9 qu\u2019il y e eu \u00ab\u00a0un manquement \u00e0 leurs devoirs et responsabilit\u00e9s\u00a0\u00bb et une \u00ab\u00a0atteinte \u00e0 la stabilit\u00e9 de ce corps\u00a0\u00bb.<\/p>\n<p>Il faut rappeler que les agents de la protection civile avaient d\u00e9j\u00e0 organis\u00e9, la semaine pass\u00e9e, des rassemblements aux niveaux de leurs unit\u00e9s.<\/p>\n<p>Hier, dimanche 2 mai, ils ont tent\u00e9 de marcher vers le si\u00e8ge de la Pr\u00e9sidence.<\/p>\n<p>En 2014, des policiers avaient \u00e9galement organis\u00e9 une marche vers le m\u00eame lieu.<\/p>\n<p><span class=\"post-views-label\">Post Views:<\/span> <span class=\"post-views-count\">577<\/span><\/p>\n<p><br class=\"c2\"\/><\/p>\n<div class=\"ichhar-moneytagnative c5\" id=\"ichhar-782583082\">\n<p>Advertisements<\/p>\n<\/div>\n<p><br class=\"c2\"\/><br \/>\n<br class=\"c6\"\/><\/p>\n<p>Auteur: Mohand Yahiaoui<br \/>\n<a href=\"https:\/\/www.elwatan.com\/edition\/actualite\/protection-civile-230-agents-suspendus-03-05-2021\">Cliquez ici pour lire l&rsquo;article depuis sa source.<\/a><\/p>\n","protected":false},"excerpt":{"rendered":"<p>Photo : Lyes H. Le minist\u00e8re de l\u2019Int\u00e9rieur a indiqu\u00e9, aujourd\u2019hui lundi 3 mai, que 230 agents de la protection civile ont \u00e9t\u00e9 suspendus \u00e0 la suite du mouvement de protestation qui a eu lieu hier, lorsque quelques centaines de \u00ab\u00a0sapeurs-pompiers\u00a0\u00bb avaient tent\u00e9 de marcher vers le Palais d\u2019El Mouradia. Ce d\u00e9partement minist\u00e9riel a indiqu\u00e9 [&hellip;]<\/p>\n","protected":false},"author":1743,"featured_media":0,"comment_status":"closed","ping_status":"closed","sticky":false,"template":"","format":"standard","meta":{"fifu_image_url":"https:\/\/www.elwatan.com\/wp-content\/uploads\/2021\/05\/Gr\u00e8ve-dess-agents-de-le-protection-e1620066106810.jpg","fifu_image_alt":"Protection civile : 230 agents suspendus","footnotes":""},"categories":[73,53],"tags":[],"class_list":["post-116046","post","type-post","status-publish","format-standard","hentry","category-actualite","category-algerie"],"_links":{"self":[{"href":"https:\/\/linitiative.ca\/International\/wp-json\/wp\/v2\/posts\/116046","targetHints":{"allow":["GET"]}}],"collection":[{"href":"https:\/\/linitiative.ca\/International\/wp-json\/wp\/v2\/posts"}],"about":[{"href":"https:\/\/linitiative.ca\/International\/wp-json\/wp\/v2\/types\/post"}],"author":[{"embeddable":true,"href":"https:\/\/linitiative.ca\/International\/wp-json\/wp\/v2\/users\/1743"}],"replies":[{"embeddable":true,"href":"https:\/\/linitiative.ca\/International\/wp-json\/wp\/v2\/comments?post=116046"}],"version-history":[{"count":0,"href":"https:\/\/linitiative.ca\/International\/wp-json\/wp\/v2\/posts\/116046\/revisions"}],"wp:attachment":[{"href":"https:\/\/linitiative.ca\/International\/wp-json\/wp\/v2\/media?parent=116046"}],"wp:term":[{"taxonomy":"category","embeddable":true,"href":"https:\/\/linitiative.ca\/International\/wp-json\/wp\/v2\/categories?post=116046"},{"taxonomy":"post_tag","embeddable":true,"href":"https:\/\/linitiative.ca\/International\/wp-json\/wp\/v2\/tags?post=116046"}],"curies":[{"name":"wp","href":"https:\/\/api.w.org\/{rel}","templated":true}]}}