{"id":116047,"date":"2021-05-03T07:20:00","date_gmt":"2021-05-03T11:20:00","guid":{"rendered":"https:\/\/linitiative.ca\/International\/amira-mohamed-la-revelation\/"},"modified":"2021-05-03T07:20:00","modified_gmt":"2021-05-03T11:20:00","slug":"amira-mohamed-la-revelation","status":"publish","type":"post","link":"https:\/\/linitiative.ca\/International\/amira-mohamed-la-revelation\/","title":{"rendered":"Amira Mohamed, la r\u00e9v\u00e9lation"},"content":{"rendered":"<p>R\u00e9v\u00e9lation r\u00e9cente dans le syndicalisme des journalistes tunisiens, Amira Mohamed cr\u00e8ve l\u2019\u00e9cran. En premi\u00e8re ligne dans toutes les zones de conflit, l\u2019agence Tunis-Afrique Presse, Shems FM et autres, Amira Mohamed se d\u00e9m\u00e8ne avec une forte d\u00e9termination et en toute sagesse. Sans fougue, ni populisme, elle sait coaliser ses confr\u00e8res, conceptualiser la cause, organiser la lutte, mener les n\u00e9gociations et les faire aboutir. Sa force, c\u2019est d\u2019abord sa r\u00e9ussite professionnelle, coupl\u00e9e avec la sinc\u00e9rit\u00e9 de son engagement.<\/p>\n<p>Rien ne pr\u00e9destinait cette jeune journaliste, silhouette fr\u00eale, originaire du nord du Cap Bon et dipl\u00f4m\u00e9e de l\u2019Ipsi en 2009, \u00e0 \u00eatre propuls\u00e9e au c\u0153ur de la lutte pour la libert\u00e9 de la presse et l\u2019ind\u00e9pendance de ses acteurs. Apr\u00e8s de premiers pas en tant que stagiaire \u00e0 Dar El Anwar, Ettounsia et Arraya, Amira Mohamed rejoint Mosa\u00efque FM en 2012. Rapidement, Noureddine Boutar d\u00e9tectera son talent journalistique et la poussera sur le terrain. Inlassable, pugnace, et verbe toujours respectueux, elle traque l\u2019info, tire les r\u00e9v\u00e9lations, ne ferme jamais son micro sans avoir obtenu, non pas le scoop du buzz, mais l\u2019info utile. La proximit\u00e9 avec les dirigeants politiques n\u2019est pas une ali\u00e9nation au d\u00e9triment de son ind\u00e9pendance. Envoy\u00e9e \u00e0 Washington, P\u00e9kin, Paris, Rome, Berlin et autres capitales du monde, avec B\u00e9ji Ca\u00efd Essebsi et des chefs de gouvernement, Amira Mohamed sait \u00e0 la fois braver la fatigue, \u00eatre proche et rester \u00e0 distance&#8230; Ce qui compte pour elle, ce sont ses auditeurs qui l\u2019attendent. Elle doit se surpasser pour leur rapporter les faits et les nourrir d\u2019analyses \u00e0 vif. Ses confr\u00e8res, m\u00eame dans les autres m\u00e9dias, sont admiratifs.<\/p>\n<p>Lorsqu\u2019Amira Mohamed d\u00e9cide de se porter candidate au bureau ex\u00e9cutif du Syndicat national des journalistes tunisiens (Snjt), en septembre dernier, rien n\u2019\u00e9tait gagn\u00e9 d\u2019avance. Elue, port\u00e9e vice-pr\u00e9sidente de la nouvelle \u00e9quipe conduite par Mohamed Yassine Jelassi, la jeune mari\u00e9e \u00e9pousera aussi la cause syndicale. A fond ! Tout en performant davantage sa pratique journalistique sur les ondes de Mosa\u00efque FM.<\/p>\n<p class=\"c2\"><strong><a href=\"https:\/\/www.leaders.com.tn\/le_mensuel_abonnez_vous\"><img loading=\"lazy\" decoding=\"async\" src=\"\/uploads\/FCK_files\/Bon-de-commande(2).jpg\" alt=\"\" width=\"500\" vspace=\"5\" hspace=\"5\" height=\"128\" align=\"middle\"\/><\/a><\/strong><\/p>\n<p>\u00a0<\/p>\n<p>Auteur:<br \/>\n<a href=\"https:\/\/www.leaders.com.tn\/article\/31813-la-vice-presidente-du-snjt-amira-mohamed-creve-l-ecran\">Cliquez ici pour lire l&rsquo;article depuis sa source.<\/a><\/p>\n","protected":false},"excerpt":{"rendered":"<p>R\u00e9v\u00e9lation r\u00e9cente dans le syndicalisme des journalistes tunisiens, Amira Mohamed cr\u00e8ve l\u2019\u00e9cran. En premi\u00e8re ligne dans toutes les zones de conflit, l\u2019agence Tunis-Afrique Presse, Shems FM et autres, Amira Mohamed se d\u00e9m\u00e8ne avec une forte d\u00e9termination et en toute sagesse. Sans fougue, ni populisme, elle sait coaliser ses confr\u00e8res, conceptualiser la cause, organiser la lutte, [&hellip;]<\/p>\n","protected":false},"author":1772,"featured_media":0,"comment_status":"closed","ping_status":"closed","sticky":false,"template":"","format":"standard","meta":{"fifu_image_url":"\/uploads\/FCK_files\/Bon-de-commande(2).jpg","fifu_image_alt":"Amira Mohamed, la r\u00e9v\u00e9lation","footnotes":""},"categories":[73,55],"tags":[],"class_list":["post-116047","post","type-post","status-publish","format-standard","hentry","category-actualite","category-tunisie"],"_links":{"self":[{"href":"https:\/\/linitiative.ca\/International\/wp-json\/wp\/v2\/posts\/116047","targetHints":{"allow":["GET"]}}],"collection":[{"href":"https:\/\/linitiative.ca\/International\/wp-json\/wp\/v2\/posts"}],"about":[{"href":"https:\/\/linitiative.ca\/International\/wp-json\/wp\/v2\/types\/post"}],"author":[{"embeddable":true,"href":"https:\/\/linitiative.ca\/International\/wp-json\/wp\/v2\/users\/1772"}],"replies":[{"embeddable":true,"href":"https:\/\/linitiative.ca\/International\/wp-json\/wp\/v2\/comments?post=116047"}],"version-history":[{"count":0,"href":"https:\/\/linitiative.ca\/International\/wp-json\/wp\/v2\/posts\/116047\/revisions"}],"wp:attachment":[{"href":"https:\/\/linitiative.ca\/International\/wp-json\/wp\/v2\/media?parent=116047"}],"wp:term":[{"taxonomy":"category","embeddable":true,"href":"https:\/\/linitiative.ca\/International\/wp-json\/wp\/v2\/categories?post=116047"},{"taxonomy":"post_tag","embeddable":true,"href":"https:\/\/linitiative.ca\/International\/wp-json\/wp\/v2\/tags?post=116047"}],"curies":[{"name":"wp","href":"https:\/\/api.w.org\/{rel}","templated":true}]}}