{"id":116054,"date":"2021-05-03T10:24:54","date_gmt":"2021-05-03T14:24:54","guid":{"rendered":"https:\/\/linitiative.ca\/International\/le-fondateur-de-jeune-afrique-bechir-ben-yahmed-nest-plus\/"},"modified":"2021-05-03T10:24:54","modified_gmt":"2021-05-03T14:24:54","slug":"le-fondateur-de-jeune-afrique-bechir-ben-yahmed-nest-plus","status":"publish","type":"post","link":"https:\/\/linitiative.ca\/International\/le-fondateur-de-jeune-afrique-bechir-ben-yahmed-nest-plus\/","title":{"rendered":"Le fondateur de Jeune Afrique, B\u00e9chir Ben Yahmed, n\u2019est plus"},"content":{"rendered":"<p><strong>Le journaliste franco-tunisien B\u00e9chir Ben Yahmed, qui avait fond\u00e9 il y a une soixantaine d\u2019ann\u00e9es Jeune Afrique, est d\u00e9c\u00e9d\u00e9 lundi \u00e0 93 ans, a annonc\u00e9 lundi le magazine \u00e0 l\u2019AFP.<br \/><\/strong><br \/>L\u2019homme de presse est mort \u00e0 Paris, o\u00f9 il \u00e9tait hospitalis\u00e9 depuis la fin du mois de mars apr\u00e8s avoir \u00e9t\u00e9 contamin\u00e9 par le coronavirus, a pr\u00e9cis\u00e9 le mensuel. N\u00e9 en avril 1928 en Tunisie, alors protectorat fran\u00e7ais, ce fils de commer\u00e7ant, dipl\u00f4m\u00e9 en commerce, avait \u0153uvr\u00e9 pour l\u2019ind\u00e9pendance et faisait partie du gouvernement de Habib Bourguiba en tant que secr\u00e9taire d\u2019Etat \u00e0 l\u2019Information en 1956-57. Apr\u00e8s avoir cr\u00e9\u00e9 un premier magazine, L\u2019action, en 1956, il lance en 1960 \u00e0 Tunis Afrique Action, rebaptis\u00e9 l\u2019ann\u00e9e suivante Jeune Afrique.<\/p>\n<div class=\"c10\">\n<\/div>\n<p><strong>Lire aussi | <a rel=\"noreferrer noopener\" href=\"https:\/\/www.challenge.ma\/avec-lusine-de-oujda-londa-cherche-a-diversifier-ses-sources-de-revenus-183380\/\" target=\"_blank\">Avec l\u2019usine de Oujda, l\u2019ONDA cherche \u00e0 diversifier ses sources de revenus<\/a><\/strong><\/p>\n<p>\u00ab\u00a0Apr\u00e8s avoir men\u00e9 de front ses carri\u00e8res minist\u00e9rielle et journalistique, il avait finalement opt\u00e9 pour la seconde et, pour se donner les moyens de son ind\u00e9pendance, avait d\u00e9cid\u00e9 en 1962 de quitter Tunis pour Rome\u00a0\u00bb, puis deux ans plus tard, \u00ab\u00a0pour Paris o\u00f9 le groupe est toujours install\u00e9\u00a0\u00bb, rappelle Jeune Afrique. C\u2019est donc depuis la capitale fran\u00e7aise qu\u2019il a d\u00e9velopp\u00e9 le magazine, devenu au fil des ans un m\u00e9dia de r\u00e9f\u00e9rence sur l\u2019Afrique francophone, parfois surnomm\u00e9 le \u00ab\u00a055\u00e8me Etat d\u2019Afrique\u00a0\u00bb. \u00ab\u00a0Fond\u00e9 pour accompagner le mouvement d\u2019\u00e9mancipation des peuples qui, \u00e0 l\u2019or\u00e9e des ann\u00e9es 1960, acc\u00e8dent \u00e0 l\u2019ind\u00e9pendance, Jeune Afrique a pris une part active dans tous les combats qui ont depuis rythm\u00e9 l\u2019Histoire du continent\u00a0\u00bb, selon le m\u00e9dia qu\u2019il a longtemps dirig\u00e9.<\/p>\n<p><strong>Lire aussi | <a rel=\"noreferrer noopener\" href=\"https:\/\/www.challenge.ma\/production-cerealiere-un-record-en-perspective-183377\/\" target=\"_blank\">Production c\u00e9r\u00e9ali\u00e8re : un record en perspective<\/a><\/strong><\/p>\n<p>Sous son \u00e9gide, le magazine a donn\u00e9 naissance \u00e0 un groupe, Jeune Afrique Media Group, qui \u00e9dite aussi la revue anglophone The Africa Report, et la lettre d\u2019information Jeune Afrique Business+. Il a \u00e9galement cr\u00e9\u00e9 La Revue, magazine d\u00e9di\u00e9 \u00e0 l\u2019actualit\u00e9 internationale. A la fin de la d\u00e9cennie 2000, il avait transmis les r\u00eanes de Jeune Afrique \u00e0 ses fils et au directeur de la r\u00e9daction Fran\u00e7ois Soudan. Son \u00e9pouse Danielle a \u00e9galement \u0153uvr\u00e9 \u00e0 ses c\u00f4t\u00e9s et fond\u00e9 la maison d\u2019\u00e9dition du groupe.<\/p>\n<p><strong>Avec AFP<\/strong><\/p>\n<p>Auteur: challenge<br \/>\n<a href=\"https:\/\/www.challenge.ma\/le-fondateur-de-jeune-afrique-bechir-ben-yahmed-nest-plus-183413\/\">Cliquez ici pour lire l&rsquo;article depuis sa source.<\/a><\/p>\n","protected":false},"excerpt":{"rendered":"<p>Le journaliste franco-tunisien B\u00e9chir Ben Yahmed, qui avait fond\u00e9 il y a une soixantaine d\u2019ann\u00e9es Jeune Afrique, est d\u00e9c\u00e9d\u00e9 lundi \u00e0 93 ans, a annonc\u00e9 lundi le magazine \u00e0 l\u2019AFP.L\u2019homme de presse est mort \u00e0 Paris, o\u00f9 il \u00e9tait hospitalis\u00e9 depuis la fin du mois de mars apr\u00e8s avoir \u00e9t\u00e9 contamin\u00e9 par le coronavirus, a [&hellip;]<\/p>\n","protected":false},"author":1787,"featured_media":0,"comment_status":"closed","ping_status":"closed","sticky":false,"template":"","format":"standard","meta":{"fifu_image_url":"","fifu_image_alt":"","footnotes":""},"categories":[78,54],"tags":[],"class_list":["post-116054","post","type-post","status-publish","format-standard","hentry","category-economie","category-maroc"],"_links":{"self":[{"href":"https:\/\/linitiative.ca\/International\/wp-json\/wp\/v2\/posts\/116054","targetHints":{"allow":["GET"]}}],"collection":[{"href":"https:\/\/linitiative.ca\/International\/wp-json\/wp\/v2\/posts"}],"about":[{"href":"https:\/\/linitiative.ca\/International\/wp-json\/wp\/v2\/types\/post"}],"author":[{"embeddable":true,"href":"https:\/\/linitiative.ca\/International\/wp-json\/wp\/v2\/users\/1787"}],"replies":[{"embeddable":true,"href":"https:\/\/linitiative.ca\/International\/wp-json\/wp\/v2\/comments?post=116054"}],"version-history":[{"count":0,"href":"https:\/\/linitiative.ca\/International\/wp-json\/wp\/v2\/posts\/116054\/revisions"}],"wp:attachment":[{"href":"https:\/\/linitiative.ca\/International\/wp-json\/wp\/v2\/media?parent=116054"}],"wp:term":[{"taxonomy":"category","embeddable":true,"href":"https:\/\/linitiative.ca\/International\/wp-json\/wp\/v2\/categories?post=116054"},{"taxonomy":"post_tag","embeddable":true,"href":"https:\/\/linitiative.ca\/International\/wp-json\/wp\/v2\/tags?post=116054"}],"curies":[{"name":"wp","href":"https:\/\/api.w.org\/{rel}","templated":true}]}}