{"id":116056,"date":"2021-05-03T10:43:36","date_gmt":"2021-05-03T14:43:36","guid":{"rendered":"https:\/\/linitiative.ca\/International\/maroc-forte-hausse-du-chomage\/"},"modified":"2021-05-03T10:43:36","modified_gmt":"2021-05-03T14:43:36","slug":"maroc-forte-hausse-du-chomage","status":"publish","type":"post","link":"https:\/\/linitiative.ca\/International\/maroc-forte-hausse-du-chomage\/","title":{"rendered":"Maroc : forte hausse du ch\u00f4mage"},"content":{"rendered":"<p><strong>Le taux de ch\u00f4mage s\u2019est accru de 2 points entre les premiers trimestres de 2020 et de 2021, passant de 10,5% \u00e0 12,5%, selon le Haut-Commissariat au Plan (HCP).<\/strong><\/p>\n<div class=\"c10\">\n<\/div>\n<p>Ce taux a enregistr\u00e9 une forte hausse aussi bien en milieu rural qu\u2019en milieu urbain, passant respectivement de 3,9% \u00e0 5,3% et de 15,1% \u00e0 17,1%, pr\u00e9cise le HCP dans une note d\u2019information relative \u00e0 la situation du march\u00e9 de travail au T1-2021.<\/p>\n<p><strong>Lire aussi | <a rel=\"noreferrer noopener\" href=\"https:\/\/www.challenge.ma\/avec-lusine-de-oujda-londa-cherche-a-diversifier-ses-sources-de-revenus-183380\/\" target=\"_blank\">Avec l\u2019usine de Oujda, l\u2019ONDA cherche \u00e0 diversifier ses sources de revenus<\/a><\/strong><\/p>\n<p>Il a \u00e9galement enregistr\u00e9 une forte hausse parmi les femmes (3,2 points), de 14,3% \u00e0 17,5%, et parmi les jeunes \u00e2g\u00e9s de 15 \u00e0 24 ans (5,7 points), de 26,8% \u00e0 32,5%, indique la m\u00eame source, ajoutant que le taux de ch\u00f4mage des dipl\u00f4m\u00e9s a, de son c\u00f4t\u00e9, enregistr\u00e9 une hausse de 2 points, passant de 17,8% \u00e0 19,8%. Ladite note fait aussi ressortir que le nombre de ch\u00f4meurs a augment\u00e9 de 242.000 personnes entre le premier trimestre de l\u2019ann\u00e9e 2020 et celui de 2021, passant de 1.292.000 \u00e0 1.534.000 ch\u00f4meurs, ce qui correspond \u00e0 une augmentation de 19%. Cette hausse \u00e9tant le r\u00e9sultat d\u2019une augmentation de 185.000 ch\u00f4meurs en milieu urbain et de 57.000 en milieu rural.<\/p>\n<p><strong>Avec MAP<\/strong><\/p>\n<p>Auteur: challenge<br \/>\n<a href=\"https:\/\/www.challenge.ma\/maroc-forte-hausse-du-chomage-183420\/\">Cliquez ici pour lire l&rsquo;article depuis sa source.<\/a><\/p>\n","protected":false},"excerpt":{"rendered":"<p>Le taux de ch\u00f4mage s\u2019est accru de 2 points entre les premiers trimestres de 2020 et de 2021, passant de 10,5% \u00e0 12,5%, selon le Haut-Commissariat au Plan (HCP). Ce taux a enregistr\u00e9 une forte hausse aussi bien en milieu rural qu\u2019en milieu urbain, passant respectivement de 3,9% \u00e0 5,3% et de 15,1% \u00e0 17,1%, [&hellip;]<\/p>\n","protected":false},"author":1787,"featured_media":0,"comment_status":"closed","ping_status":"closed","sticky":false,"template":"","format":"standard","meta":{"fifu_image_url":"","fifu_image_alt":"","footnotes":""},"categories":[78,54],"tags":[],"class_list":["post-116056","post","type-post","status-publish","format-standard","hentry","category-economie","category-maroc"],"_links":{"self":[{"href":"https:\/\/linitiative.ca\/International\/wp-json\/wp\/v2\/posts\/116056","targetHints":{"allow":["GET"]}}],"collection":[{"href":"https:\/\/linitiative.ca\/International\/wp-json\/wp\/v2\/posts"}],"about":[{"href":"https:\/\/linitiative.ca\/International\/wp-json\/wp\/v2\/types\/post"}],"author":[{"embeddable":true,"href":"https:\/\/linitiative.ca\/International\/wp-json\/wp\/v2\/users\/1787"}],"replies":[{"embeddable":true,"href":"https:\/\/linitiative.ca\/International\/wp-json\/wp\/v2\/comments?post=116056"}],"version-history":[{"count":0,"href":"https:\/\/linitiative.ca\/International\/wp-json\/wp\/v2\/posts\/116056\/revisions"}],"wp:attachment":[{"href":"https:\/\/linitiative.ca\/International\/wp-json\/wp\/v2\/media?parent=116056"}],"wp:term":[{"taxonomy":"category","embeddable":true,"href":"https:\/\/linitiative.ca\/International\/wp-json\/wp\/v2\/categories?post=116056"},{"taxonomy":"post_tag","embeddable":true,"href":"https:\/\/linitiative.ca\/International\/wp-json\/wp\/v2\/tags?post=116056"}],"curies":[{"name":"wp","href":"https:\/\/api.w.org\/{rel}","templated":true}]}}