{"id":116057,"date":"2021-05-03T11:33:03","date_gmt":"2021-05-03T15:33:03","guid":{"rendered":"https:\/\/linitiative.ca\/International\/lue-etudie-la-permission-dentree-aux-voyageurs-vaccines\/"},"modified":"2021-05-03T11:33:03","modified_gmt":"2021-05-03T15:33:03","slug":"lue-etudie-la-permission-dentree-aux-voyageurs-vaccines","status":"publish","type":"post","link":"https:\/\/linitiative.ca\/International\/lue-etudie-la-permission-dentree-aux-voyageurs-vaccines\/","title":{"rendered":"L\u2019UE \u00e9tudie la permission d\u2019entr\u00e9e aux voyageurs vaccin\u00e9s"},"content":{"rendered":"<p><strong>La Commission europ\u00e9enne a propos\u00e9 lundi de permettre l\u2019entr\u00e9e dans l\u2019UE aux voyageurs en provenance de pays tiers ayant re\u00e7u les doses n\u00e9cessaires de vaccins anti-Covid autoris\u00e9s au niveau europ\u00e9en.<\/strong><\/p>\n<p>\u00ab\u00a0La Commission propose (aux \u00c9tats membres) de permettre l\u2019entr\u00e9e dans l\u2019UE pour des motifs non essentiels, non seulement aux personnes venant de pays dont la situation \u00e9pid\u00e9miologique est bonne, mais aussi aux personnes qui ont re\u00e7u la derni\u00e8re dose recommand\u00e9e d\u2019un vaccin autoris\u00e9 dans l\u2019UE\u00a0\u00bb, pr\u00e9cise la Commission. Les voyageurs devraient avoir re\u00e7u ce vaccin au moins 14 jours avant leur arriv\u00e9e. Les \u00c9tats membres pourraient \u00e9tendre cette autorisation aux personnes ayant re\u00e7u un vaccin concern\u00e9 par une homologation en urgence de l\u2019OMS. Un m\u00e9canisme est toutefois pr\u00e9vu pour suspendre rapidement les arriv\u00e9es dans le cas o\u00f9 la situation \u00e9pid\u00e9miologique d\u2019un pays se d\u00e9t\u00e9riore notamment en raison d\u2019un variant. La proposition doit d\u00e9sormais \u00eatre soumise aux \u00c9tats membres. Les ambassadeurs des 27 doivent l\u2019examiner mercredi.<\/p>\n<div class=\"c10\">\n<\/div>\n<p>Lire aussi | Le groupe Akdital met la main sur la clinique De Vinci<\/p>\n<p>L\u2019UE pr\u00e9pare la mise en place d\u2019un certificat sanitaire europ\u00e9en, qu\u2019elle souhaite op\u00e9rationnel avant la fin juin. D\u2019ici l\u00e0, les \u00c9tats membres devraient pouvoir accepter des certificats \u00e9mis par des pays ext\u00e9rieurs \u00e0 l\u2019UE. Pour rappel, l\u2019Union a ferm\u00e9 ses fronti\u00e8res ext\u00e9rieures en mars 2020 pour les voyages \u00ab\u00a0non essentiels\u00a0\u00bb et \u00e9tabli \u00e0 partir de juin une liste restreinte, r\u00e9vis\u00e9e r\u00e9guli\u00e8rement, de pays tiers dont les r\u00e9sidents peuvent entrer dans l\u2019Union. Depuis fin janvier, les pays de cette liste sont l\u2019Australie, la Nouvelle-Z\u00e9lande, le Rwanda, Singapour, la Cor\u00e9e du Sud, la Tha\u00eflande (et la Chine sous r\u00e9serve de r\u00e9ciprocit\u00e9). La Commission propose d\u2019\u00e9largir cette liste, en assouplissant le crit\u00e8re du taux d\u2019incidence sur 14 jours, qui serait relev\u00e9 de 25 \u00e0 100 (pour 100.000 habitants), ce qui reste nettement en dessous de la moyenne dans l\u2019UE, actuellement de plus de 420.<\/p>\n<p><strong>Avec AFP<\/strong><\/p>\n<p>Auteur: challenge<br \/>\n<a href=\"https:\/\/www.challenge.ma\/lue-etudie-la-permission-dentree-aux-voyageurs-vaccines-183439\/\">Cliquez ici pour lire l&rsquo;article depuis sa source.<\/a><\/p>\n","protected":false},"excerpt":{"rendered":"<p>La Commission europ\u00e9enne a propos\u00e9 lundi de permettre l\u2019entr\u00e9e dans l\u2019UE aux voyageurs en provenance de pays tiers ayant re\u00e7u les doses n\u00e9cessaires de vaccins anti-Covid autoris\u00e9s au niveau europ\u00e9en. \u00ab\u00a0La Commission propose (aux \u00c9tats membres) de permettre l\u2019entr\u00e9e dans l\u2019UE pour des motifs non essentiels, non seulement aux personnes venant de pays dont la [&hellip;]<\/p>\n","protected":false},"author":1787,"featured_media":0,"comment_status":"closed","ping_status":"closed","sticky":false,"template":"","format":"standard","meta":{"fifu_image_url":"","fifu_image_alt":"","footnotes":""},"categories":[78,54],"tags":[],"class_list":["post-116057","post","type-post","status-publish","format-standard","hentry","category-economie","category-maroc"],"_links":{"self":[{"href":"https:\/\/linitiative.ca\/International\/wp-json\/wp\/v2\/posts\/116057","targetHints":{"allow":["GET"]}}],"collection":[{"href":"https:\/\/linitiative.ca\/International\/wp-json\/wp\/v2\/posts"}],"about":[{"href":"https:\/\/linitiative.ca\/International\/wp-json\/wp\/v2\/types\/post"}],"author":[{"embeddable":true,"href":"https:\/\/linitiative.ca\/International\/wp-json\/wp\/v2\/users\/1787"}],"replies":[{"embeddable":true,"href":"https:\/\/linitiative.ca\/International\/wp-json\/wp\/v2\/comments?post=116057"}],"version-history":[{"count":0,"href":"https:\/\/linitiative.ca\/International\/wp-json\/wp\/v2\/posts\/116057\/revisions"}],"wp:attachment":[{"href":"https:\/\/linitiative.ca\/International\/wp-json\/wp\/v2\/media?parent=116057"}],"wp:term":[{"taxonomy":"category","embeddable":true,"href":"https:\/\/linitiative.ca\/International\/wp-json\/wp\/v2\/categories?post=116057"},{"taxonomy":"post_tag","embeddable":true,"href":"https:\/\/linitiative.ca\/International\/wp-json\/wp\/v2\/tags?post=116057"}],"curies":[{"name":"wp","href":"https:\/\/api.w.org\/{rel}","templated":true}]}}