{"id":116064,"date":"2021-05-03T15:33:30","date_gmt":"2021-05-03T19:33:30","guid":{"rendered":"https:\/\/linitiative.ca\/International\/requisition-de-non-lieu-pour-les-troupes-de-loperation-turquoise\/"},"modified":"2021-05-03T15:33:30","modified_gmt":"2021-05-03T19:33:30","slug":"requisition-de-non-lieu-pour-les-troupes-de-loperation-turquoise","status":"publish","type":"post","link":"https:\/\/linitiative.ca\/International\/requisition-de-non-lieu-pour-les-troupes-de-loperation-turquoise\/","title":{"rendered":"REQUISITION DE NON-LIEU POUR LES TROUPES DE L\u2019OPERATION TURQUOISE"},"content":{"rendered":"<p class=\"c4\"><em>C\u2019est une simple r\u00e9quisition mais qui ne manquera pas de faire couler beaucoup d\u2019encre et de salive. En effet, apr\u00e8s le rapport de l\u2019historien Vincent Duclert et celui du cabinet am\u00e9ricain command\u00e9 par Kigali, le parquet de Paris a requis hier, 3 mai 2021, un non-lieu pour les forces fran\u00e7aises de l\u2019op\u00e9ration Turquoise d\u00e9ploy\u00e9es au Rwanda pendant le g\u00e9nocide de 1994 avec l\u2019aval des Nations unies. Pour le parquet fran\u00e7ais, \u00ab\u00a0n\u2019a \u00e9t\u00e9 \u00e9tablie aucune aide ou assistance des forces militaires fran\u00e7aises lors de la commission d\u2019exactions, aucune adh\u00e9sion de ces derni\u00e8res au projet criminel poursuivi par les forces g\u00e9nocidaires, ni aucune abstention d\u2019intervenir face \u00e0 des crimes\u00a0 contre l\u2019humanit\u00e9 en vertu d\u2019un accord ant\u00e9rieur\u00a0\u00bb. Toutefois, le parquetier reconna\u00eet que la non-intervention des soldats fran\u00e7ais pour stopper les g\u00e9nocidaires, constitue \u00ab\u00a0une non-assistance \u00e0 personne en p\u00e9ril\u00a0\u00bb, un d\u00e9lit qui, avec le temps, est prescrit.\u00a0<\/em> <em>En tout cas, en attendant la d\u00e9cision des juges d\u2019instruction \u00e0 qui revient le dernier mot, on peut dire que le parquet de Paris s\u2019est beaucoup inspir\u00e9 des deux derniers rapports commandit\u00e9s par Paris et Kigali, qui concluent \u00e0 des \u00ab\u00a0responsabilit\u00e9s\u00a0\u00bb et non \u00e0 des \u00ab\u00a0complicit\u00e9s\u00a0\u00bb de la part des troupes fran\u00e7aises pendant le g\u00e9nocide rwandais.<\/em><\/p>\n<p class=\"c4\"><em>\u00a0<\/em><\/p>\n<p class=\"c6\"><strong><em>La France a jou\u00e9 un r\u00f4le trouble lors du g\u00e9nocide<\/em><\/strong><\/p>\n<p class=\"c6\"><strong><em>\u00a0<\/em><\/strong><\/p>\n<p class=\"c4\"><em>\u00a0<\/em><\/p>\n<p class=\"c4\"><em>Reste \u00e0 savoir si les autorit\u00e9s rwandaises ne verront pas en la r\u00e9quisition du parquet de Paris, un d\u00e9ni de l\u2019histoire\u00a0; elles qui ont toujours demand\u00e9 \u00e0 l\u2019Hexagone de faire acte de contrition comme l\u2019ont d\u00e9j\u00e0 fait la Belgique et les Etats- Unis. On attend de voir, surtout que depuis la publication du rapport Duclert, des voix et pas des moindres s\u2019\u00e9l\u00e8vent pour exiger que le dossier ne se solde pas par un non-lieu d\u00e9finitif, estimant qu\u2019il y a suffisamment de nouvelles charges pour relancer l\u2019enqu\u00eate. En tout cas, pour les associations des parties civiles, la France, sous le couvert d\u2019une op\u00e9ration militaire, avait fait prot\u00e9ger voire armer des g\u00e9nocidaires rwandais. Un ancien officier de Turquoise en la personne de Guillaume Ancel, avait d\u2019ailleurs mis les pieds dans le plat en d\u00e9clarant qu\u2019en d\u00e9pit du mandat humanitaire, les consignes donn\u00e9es aux troupes fran\u00e7aises \u00e9taient tr\u00e8s offensives. Et d\u2019ajouter que des \u00ab\u00a0dizaines de milliers d\u2019armes\u00a0\u00bb avaient \u00e9t\u00e9 confisqu\u00e9es et remises aux forces arm\u00e9es rwandaises g\u00e9nocidaires.\u00a0 C\u2019est dire donc que la France, quoi que l\u2019on dise, a jou\u00e9 un r\u00f4le trouble lors du g\u00e9nocide qui a co\u00fbt\u00e9 la vie \u00e0 pr\u00e8s d\u2019un million de Tutsis au Rwanda. M\u00eame si Edouard Balladur, alors Premier ministre fran\u00e7ais, s\u2019en d\u00e9fend, estimant que son pays n\u2019\u00e9tait pour rien dans le drame qu\u2019a v\u00e9cu le Rwanda en avril 1994.<\/em><\/p>\n<p class=\"c4\"><em>\u00a0<\/em><\/p>\n<p class=\"c6\"><strong><em>B.O<\/em><\/strong><\/p>\n<p>Auteur: Editions LEPAYS<br \/>\n<a href=\"https:\/\/lepays.bf\/requisition-de-non-lieu-pour-les-troupes-de-loperation-turquoise\/\">Cliquez ici pour lire l&rsquo;article depuis sa source.<\/a><\/p>\n","protected":false},"excerpt":{"rendered":"<p>C\u2019est une simple r\u00e9quisition mais qui ne manquera pas de faire couler beaucoup d\u2019encre et de salive. En effet, apr\u00e8s le rapport de l\u2019historien Vincent Duclert et celui du cabinet am\u00e9ricain command\u00e9 par Kigali, le parquet de Paris a requis hier, 3 mai 2021, un non-lieu pour les forces fran\u00e7aises de l\u2019op\u00e9ration Turquoise d\u00e9ploy\u00e9es au [&hellip;]<\/p>\n","protected":false},"author":1813,"featured_media":0,"comment_status":"closed","ping_status":"closed","sticky":false,"template":"","format":"standard","meta":{"fifu_image_url":"","fifu_image_alt":"","footnotes":""},"categories":[73,81],"tags":[],"class_list":["post-116064","post","type-post","status-publish","format-standard","hentry","category-actualite","category-burkina-faso"],"_links":{"self":[{"href":"https:\/\/linitiative.ca\/International\/wp-json\/wp\/v2\/posts\/116064","targetHints":{"allow":["GET"]}}],"collection":[{"href":"https:\/\/linitiative.ca\/International\/wp-json\/wp\/v2\/posts"}],"about":[{"href":"https:\/\/linitiative.ca\/International\/wp-json\/wp\/v2\/types\/post"}],"author":[{"embeddable":true,"href":"https:\/\/linitiative.ca\/International\/wp-json\/wp\/v2\/users\/1813"}],"replies":[{"embeddable":true,"href":"https:\/\/linitiative.ca\/International\/wp-json\/wp\/v2\/comments?post=116064"}],"version-history":[{"count":0,"href":"https:\/\/linitiative.ca\/International\/wp-json\/wp\/v2\/posts\/116064\/revisions"}],"wp:attachment":[{"href":"https:\/\/linitiative.ca\/International\/wp-json\/wp\/v2\/media?parent=116064"}],"wp:term":[{"taxonomy":"category","embeddable":true,"href":"https:\/\/linitiative.ca\/International\/wp-json\/wp\/v2\/categories?post=116064"},{"taxonomy":"post_tag","embeddable":true,"href":"https:\/\/linitiative.ca\/International\/wp-json\/wp\/v2\/tags?post=116064"}],"curies":[{"name":"wp","href":"https:\/\/api.w.org\/{rel}","templated":true}]}}