{"id":116065,"date":"2021-05-03T15:36:25","date_gmt":"2021-05-03T19:36:25","guid":{"rendered":"https:\/\/linitiative.ca\/International\/ouverture-du-proces-de-lex-patron-de-lanr-en-rdc\/"},"modified":"2021-05-03T15:36:25","modified_gmt":"2021-05-03T19:36:25","slug":"ouverture-du-proces-de-lex-patron-de-lanr-en-rdc","status":"publish","type":"post","link":"https:\/\/linitiative.ca\/International\/ouverture-du-proces-de-lex-patron-de-lanr-en-rdc\/","title":{"rendered":"OUVERTURE DU PROCES DE L\u2019EX-PATRON DE L\u2019ANR EN RDC"},"content":{"rendered":"<p class=\"c4\"><em>L\u2019ancien administrateur g\u00e9n\u00e9ral de l\u2019Agence nationale des renseignements (ANR) de la R\u00e9publique d\u00e9mocratique du Congo, Kalev Mutond, pourra-t-il encore \u00e9chapper \u00e0 la Justice\u00a0? Tout porte \u00e0 croire que non au regard de l\u2019acc\u00e9l\u00e9ration et de l\u2019encha\u00eenement des \u00e9v\u00e9nements. En effet, apr\u00e8s des convocations auxquelles l\u2019int\u00e9ress\u00e9 n\u2019a pas d\u00e9f\u00e9r\u00e9, la Justice avait \u00e9mis un avis de recherche avec mandat d\u2019amener. Et comme pour aller plus vite, un proc\u00e8s a \u00e9t\u00e9 ouvert devant le Tribunal de grande instance de la Gombe, le 3 mai dernier. L\u2019ex-patron des services de renseignements est poursuivi pour atteinte aux droits humains. Qui l\u2019e\u00fbt cru\u00a0? Ce d\u2019autant que cet ancien proche du pr\u00e9sident Joseph Kabila avait, il n\u2019y a pas longtemps, droit de vie et de mort sur les citoyens de son pays, notamment les d\u00e9fenseurs des droits humains qu\u2019il consid\u00e9rait comme des parias. Avec l\u2019ouverture de ce proc\u00e8s, l\u2019\u00e9tau, et c\u2019est peu de le dire, se resserre davantage autour de cet homme qui, subitement, a disparu des radars. Le moins que l\u2019on puisse dire, c\u2019est que l\u2019ouverture du proc\u00e8s de Kalev Mutond, constitue, \u00e0 n\u2019en point douter, un espoir pour les centaines de personnes qui ont \u00e9t\u00e9 tortur\u00e9es, humili\u00e9es pour les plus chanceuses. Pour autant, l\u2019heure de v\u00e9rit\u00e9 a-t-elle sonn\u00e9 pour Kalev Mutond? Tout laisse croire que oui. En tout cas, en attendant de conna\u00eetre le verdict de ce proc\u00e8s, l\u2019on peut, sans risque de se tromper, dire que la Justice semble d\u00e9termin\u00e9e \u00e0 lui faire rendre gorge, surtout que l\u2019homme n\u2019a plus le parapluie de Kabila qui le prot\u00e9geait. On est d\u2019autant plus fond\u00e9 \u00e0 le penser que la fuite de cet homme de la RDC, s\u2019apparente, \u00e0 tout point de vue, \u00e0 un aveu de culpabilit\u00e9. Mais aura-t-il le courage d\u2019assumer son pass\u00e9 de bourreau\u00a0? Que nenni\u00a0!<\/em><\/p>\n<p class=\"c4\"><em>\u00a0<\/em><\/p>\n<p class=\"c6\"><strong><em>La Justice doit donner un signal fort pour dissuader tous les pr\u00e9dateurs des droits humains<\/em><\/strong><\/p>\n<p class=\"c4\"><em>\u00a0<\/em><\/p>\n<p class=\"c4\"><em>\u00a0 En tout cas, Kalev Mutond doit se rendre \u00e0 l\u2019\u00e9vidence que le temps de l\u2019impunit\u00e9 est r\u00e9volu. Et c\u2019est tant mieux pour la RDC. Ce d\u2019autant que le peuple congolais a souffert le martyre sous le r\u00e9gime autocrate de Kabila. Ce proc\u00e8s, pourrait-on dire, est le fruit de l\u2019alternance politique en RDC. Et il faut souhaiter que le pr\u00e9sident F\u00e9lix Tshisekedi qui n\u2019a pas h\u00e9sit\u00e9 \u00e0 mettre son directeur de cabinet, Vital Kamerhe, au gnouf pour des raisons de d\u00e9tournement de deniers publics, continue de nettoyer les \u00e9curies d\u2019Augias. Cela dit, la Justice gagnerait \u00e0 poursuivre cette \u0153uvre de salubrit\u00e9 publique en \u00e9largissant le cercle des accus\u00e9s. Des anciens tortionnaires comme le g\u00e9n\u00e9ral de Police, John Numbi, doivent \u00e9galement compara\u00eetre pour les nombreux crimes commis sous le r\u00e9gime dictatorial de Joseph Kabila. Si ce dernier sur qui p\u00e8sent des soup\u00e7ons d\u2019assassinat du d\u00e9fenseur des droits humains, Floribert Chebeya, n\u2019avait pas les mains tach\u00e9es de sang, il n\u2019aurait pas pris la poudre d\u2019escampette. La Justice congolaise doit, \u00e0 travers ce proc\u00e8s, donner un signal fort pour dissuader tous les pr\u00e9dateurs des droits humains. Tant que ceux qui se sont donn\u00e9 le malin plaisir de torturer ou tuer d\u2019innocents citoyens, ne payeront pas pour leurs crimes, ni la justice, ni la d\u00e9mocratie ne s\u2019installeront durablement en RDC. C\u2019est dire si la Justice n\u2019a pas droit \u00e0 l\u2019erreur. Cela dit, il est temps que les juges fassent preuve de courage et d\u2019ind\u00e9pendance. Car, il y va de l\u2019avenir du Congo. \u00a0<\/em><\/p>\n<p class=\"c4\"><em>\u00a0<\/em><\/p>\n<p class=\"c4\"><em>\u00a0<\/em><\/p>\n<p class=\"c6\"><strong><em>Dabadi ZOUMBARA<\/em><\/strong><\/p>\n<p><strong>\u00a0<\/strong><\/p>\n<p><strong>\u00a0<\/strong><\/p>\n<p>Auteur: Editions LEPAYS<br \/>\n<a href=\"https:\/\/lepays.bf\/ouverture-du-proces-de-lex-patron-de-lanr-en-rdc\/\">Cliquez ici pour lire l&rsquo;article depuis sa source.<\/a><\/p>\n","protected":false},"excerpt":{"rendered":"<p>L\u2019ancien administrateur g\u00e9n\u00e9ral de l\u2019Agence nationale des renseignements (ANR) de la R\u00e9publique d\u00e9mocratique du Congo, Kalev Mutond, pourra-t-il encore \u00e9chapper \u00e0 la Justice\u00a0? Tout porte \u00e0 croire que non au regard de l\u2019acc\u00e9l\u00e9ration et de l\u2019encha\u00eenement des \u00e9v\u00e9nements. En effet, apr\u00e8s des convocations auxquelles l\u2019int\u00e9ress\u00e9 n\u2019a pas d\u00e9f\u00e9r\u00e9, la Justice avait \u00e9mis un avis de [&hellip;]<\/p>\n","protected":false},"author":1813,"featured_media":0,"comment_status":"closed","ping_status":"closed","sticky":false,"template":"","format":"standard","meta":{"fifu_image_url":"","fifu_image_alt":"","footnotes":""},"categories":[73,81],"tags":[],"class_list":["post-116065","post","type-post","status-publish","format-standard","hentry","category-actualite","category-burkina-faso"],"_links":{"self":[{"href":"https:\/\/linitiative.ca\/International\/wp-json\/wp\/v2\/posts\/116065","targetHints":{"allow":["GET"]}}],"collection":[{"href":"https:\/\/linitiative.ca\/International\/wp-json\/wp\/v2\/posts"}],"about":[{"href":"https:\/\/linitiative.ca\/International\/wp-json\/wp\/v2\/types\/post"}],"author":[{"embeddable":true,"href":"https:\/\/linitiative.ca\/International\/wp-json\/wp\/v2\/users\/1813"}],"replies":[{"embeddable":true,"href":"https:\/\/linitiative.ca\/International\/wp-json\/wp\/v2\/comments?post=116065"}],"version-history":[{"count":0,"href":"https:\/\/linitiative.ca\/International\/wp-json\/wp\/v2\/posts\/116065\/revisions"}],"wp:attachment":[{"href":"https:\/\/linitiative.ca\/International\/wp-json\/wp\/v2\/media?parent=116065"}],"wp:term":[{"taxonomy":"category","embeddable":true,"href":"https:\/\/linitiative.ca\/International\/wp-json\/wp\/v2\/categories?post=116065"},{"taxonomy":"post_tag","embeddable":true,"href":"https:\/\/linitiative.ca\/International\/wp-json\/wp\/v2\/tags?post=116065"}],"curies":[{"name":"wp","href":"https:\/\/api.w.org\/{rel}","templated":true}]}}