{"id":116066,"date":"2021-05-03T15:39:39","date_gmt":"2021-05-03T19:39:39","guid":{"rendered":"https:\/\/linitiative.ca\/International\/accusations-de-violations-de-droits-humains-contre-les-russes-en-rca\/"},"modified":"2021-05-03T15:39:39","modified_gmt":"2021-05-03T19:39:39","slug":"accusations-de-violations-de-droits-humains-contre-les-russes-en-rca","status":"publish","type":"post","link":"https:\/\/linitiative.ca\/International\/accusations-de-violations-de-droits-humains-contre-les-russes-en-rca\/","title":{"rendered":"ACCUSATIONS DE VIOLATIONS DE DROITS HUMAINS CONTRE LES RUSSES EN RCA  \u00a0"},"content":{"rendered":"<p class=\"c4\"><em>Ils sont officiellement consid\u00e9r\u00e9s comme des \u00ab\u00a0instructeurs\u00a0\u00bb mais d\u2019aucuns les pr\u00e9sentent comme des \u00ab\u00a0mercenaires\u00a0\u00bb. Il s\u2019agit des Russes qui combattent depuis quelques mois aux c\u00f4t\u00e9s des forces arm\u00e9es centrafricaines qui faisaient face \u00e0 une coalition de rebelles arm\u00e9s dirig\u00e9e par\u00a0 l\u2019ex-pr\u00e9sident Fran\u00e7ois Boziz\u00e9. Per\u00e7us au d\u00e9part comme des sauveurs, ces \u00ab\u00a0mercenaires\u00a0 russes\u00a0\u00bb d\u00e9fraient la chronique, tant ils font l\u2019objet de graves accusations, selon plusieurs rapports onusiens. \u00ab\u00a0Ex\u00e9cutions sommaires massives, d\u00e9tentions arbitraires, tortures pendant les interrogatoires, disparitions forc\u00e9es, d\u00e9placements forc\u00e9s de populations civiles, violations du droit \u00e0 la sant\u00e9, attaques croissantes contre des acteurs humanitaires, viols collectifs, \u2026\u00a0\u00bb. Ce sont, entre autres, des exactions dont se seraient rendu coupables ceux-l\u00e0\u00a0 auxquels le pr\u00e9sident centrafricain, Faustin \u00a0Archange Touad\u00e9ra, a fait appel pour r\u00e9duire la voilure des rebelles qui mena\u00e7aient de descendre sur Bangui. Depuis lors, les populations centrafricaines vivent la peur au ventre, conscientes qu\u2019elles peuvent, \u00e0 tout moment, rencontrer le chemin de ces \u00ab\u00a0sp\u00e9cialistes de la mort\u00a0\u00bb dont on dit qu\u2019ils sont diss\u00e9min\u00e9s \u00e0 travers le territoire national, souvent m\u00eame pr\u00e9sents aux postes de contr\u00f4les et autres endroits strat\u00e9giques. C\u2019est le cas, par exemple, de cette jeune fille qui dit avoir \u00e9t\u00e9 victime d\u2019un viol collectif durant toute une nuit, de la part des mercenaires russes qui l\u2019ont enjointe de garder le silence sous peine de repr\u00e9sailles. On oublie volontiers les cas de saccages, de pillages et d\u2019occupation de b\u00e2timents publics sur fond de d\u00e9portations. Tant et si bien que l\u2019on se demande si les Centrafricains sont aujourd\u2019hui plus en s\u00e9curit\u00e9 qu\u2019ils ne l\u2019\u00e9taient au moment des incursions des rebelles.<\/em><\/p>\n<p class=\"c4\"><em>\u00a0<\/em><\/p>\n<p class=\"c6\"><strong><em>Un couteau \u00e0 double tranchant que les autorit\u00e9s banguissoises se doivent de manipuler avec dext\u00e9rit\u00e9<\/em><\/strong><\/p>\n<p class=\"c6\"><strong><em>\u00a0<\/em><\/strong><\/p>\n<p class=\"c4\"><em>\u00a0<\/em><\/p>\n<p class=\"c4\"><em>On dit souvent qu\u2019entre deux maux, il faut choisir le moindre. Mais dans le cas d\u2019esp\u00e8ce, les Centrafricains n\u2019ont aucun choix \u00e0 faire dans la mesure o\u00f9 les \u00ab\u00a0instructeurs russes\u00a0\u00bb qui \u00e9taient cens\u00e9s les prot\u00e9ger, sont en train de faire\u00a0 autant sinon pire que les rebelles qui, eux, proc\u00e9daient \u00e0 de simples \u00a0menaces, taxations et arrestations. Alors, question\u00a0: le pr\u00e9sident Touad\u00e9ra va-t-il laisser ses compatriotes continuer \u00e0 souffrir le martyre ou va-t-il prendre le risque de se s\u00e9parer\u00a0 des mercenaires russes qui l\u2019aident \u00e0 s\u00e9curiser son pouvoir\u00a0? En tout cas, tout porte \u00e0 croire que ce n\u2019est pas demain la veille que les Russes partiront de la Centrafrique et cela, au regard de la campagne de communication active engag\u00e9e par des autorit\u00e9s pour soutenir leur action sur le terrain. Toutefois, il faut savoir raison garder. Car, \u00e0 l\u2019allure o\u00f9 vont les choses, il faut craindre qu\u2019\u00e0 force d\u2019exactions sur les populations, les mercenaires russes ne finissent par rendre sympathiques les rebelles qui, pour la plupart, sont des Centrafricains. C\u2019est donc un couteau \u00e0 double tranchant que les autorit\u00e9s banguissoises se doivent de manipuler avec dext\u00e9rit\u00e9 au risque de se couper les doigts.<\/em><\/p>\n<p class=\"c4\"><em>\u00a0<\/em><\/p>\n<p class=\"c6\"><strong><em>Boundi OUOBA<\/em><\/strong><\/p>\n<p>Auteur: Editions LEPAYS<br \/>\n<a href=\"https:\/\/lepays.bf\/accusations-de-violations-de-droits-humains-contre-les-russes-en-rca\/\">Cliquez ici pour lire l&rsquo;article depuis sa source.<\/a><\/p>\n","protected":false},"excerpt":{"rendered":"<p>Ils sont officiellement consid\u00e9r\u00e9s comme des \u00ab\u00a0instructeurs\u00a0\u00bb mais d\u2019aucuns les pr\u00e9sentent comme des \u00ab\u00a0mercenaires\u00a0\u00bb. Il s\u2019agit des Russes qui combattent depuis quelques mois aux c\u00f4t\u00e9s des forces arm\u00e9es centrafricaines qui faisaient face \u00e0 une coalition de rebelles arm\u00e9s dirig\u00e9e par\u00a0 l\u2019ex-pr\u00e9sident Fran\u00e7ois Boziz\u00e9. Per\u00e7us au d\u00e9part comme des sauveurs, ces \u00ab\u00a0mercenaires\u00a0 russes\u00a0\u00bb d\u00e9fraient la chronique, [&hellip;]<\/p>\n","protected":false},"author":1813,"featured_media":0,"comment_status":"closed","ping_status":"closed","sticky":false,"template":"","format":"standard","meta":{"fifu_image_url":"","fifu_image_alt":"","footnotes":""},"categories":[73,81],"tags":[],"class_list":["post-116066","post","type-post","status-publish","format-standard","hentry","category-actualite","category-burkina-faso"],"_links":{"self":[{"href":"https:\/\/linitiative.ca\/International\/wp-json\/wp\/v2\/posts\/116066","targetHints":{"allow":["GET"]}}],"collection":[{"href":"https:\/\/linitiative.ca\/International\/wp-json\/wp\/v2\/posts"}],"about":[{"href":"https:\/\/linitiative.ca\/International\/wp-json\/wp\/v2\/types\/post"}],"author":[{"embeddable":true,"href":"https:\/\/linitiative.ca\/International\/wp-json\/wp\/v2\/users\/1813"}],"replies":[{"embeddable":true,"href":"https:\/\/linitiative.ca\/International\/wp-json\/wp\/v2\/comments?post=116066"}],"version-history":[{"count":0,"href":"https:\/\/linitiative.ca\/International\/wp-json\/wp\/v2\/posts\/116066\/revisions"}],"wp:attachment":[{"href":"https:\/\/linitiative.ca\/International\/wp-json\/wp\/v2\/media?parent=116066"}],"wp:term":[{"taxonomy":"category","embeddable":true,"href":"https:\/\/linitiative.ca\/International\/wp-json\/wp\/v2\/categories?post=116066"},{"taxonomy":"post_tag","embeddable":true,"href":"https:\/\/linitiative.ca\/International\/wp-json\/wp\/v2\/tags?post=116066"}],"curies":[{"name":"wp","href":"https:\/\/api.w.org\/{rel}","templated":true}]}}