{"id":116067,"date":"2021-05-02T19:34:14","date_gmt":"2021-05-02T23:34:14","guid":{"rendered":"https:\/\/linitiative.ca\/International\/redecoupage-administratif-nous-sommes-a-lelaboration-de-la-feuille-de-route-madiara-sagnon-ministre-deleguee\/"},"modified":"2021-05-02T19:34:14","modified_gmt":"2021-05-02T23:34:14","slug":"redecoupage-administratif-nous-sommes-a-lelaboration-de-la-feuille-de-route-madiara-sagnon-ministre-deleguee","status":"publish","type":"post","link":"https:\/\/linitiative.ca\/International\/redecoupage-administratif-nous-sommes-a-lelaboration-de-la-feuille-de-route-madiara-sagnon-ministre-deleguee\/","title":{"rendered":"Red\u00e9coupage administratif : \u00ab Nous sommes \u00e0 l\u2019\u00e9laboration de la feuille  de route \u00bb, Madiara Sagnon, ministre d\u00e9l\u00e9gu\u00e9e"},"content":{"rendered":"<div class=\"td-post-featured-image\">\n<figure><a href=\"https:\/\/www.sidwaya.info\/wp-content\/uploads\/2021\/05\/administratif.jpg\" data-caption=\"Les souscriptions pour les parcelles du 11-D\u00e9cembre s\u2019ouvriront incessamment, selon la gouverneure du Plateau central, B\u00e9non Fatoumata (2e \u00e0 partir de la gauche).\"><img loading=\"lazy\" decoding=\"async\" width=\"696\" height=\"330\" class=\"entry-thumb td-modal-image\" src=\"https:\/\/www.sidwaya.info\/wp-content\/uploads\/2021\/05\/administratif-696x330.jpg\" srcset=\"https:\/\/www.sidwaya.info\/wp-content\/uploads\/2021\/05\/administratif-696x330.jpg 696w, https:\/\/www.sidwaya.info\/wp-content\/uploads\/2021\/05\/administratif-300x142.jpg 300w, https:\/\/www.sidwaya.info\/wp-content\/uploads\/2021\/05\/administratif-768x364.jpg 768w, https:\/\/www.sidwaya.info\/wp-content\/uploads\/2021\/05\/administratif-150x71.jpg 150w, https:\/\/www.sidwaya.info\/wp-content\/uploads\/2021\/05\/administratif.jpg 780w\" sizes=\"auto, (max-width: 696px) 100vw, 696px\" alt=\"\" title=\"administratif\"\/><\/a><figcaption class=\"wp-caption-text\">Les souscriptions pour les parcelles du 11-D\u00e9cembre s\u2019ouvriront incessamment, selon la gouverneure du Plateau central, B\u00e9non Fatoumata (2e \u00e0 partir de la gauche).<\/figcaption><\/figure>\n<\/div>\n<p><strong>Le minist\u00e8re de l\u2019Administration territoriale et de la D\u00e9centralisation (MATD) a tenu, le vendredi 30 avril 2021, \u00e0 Ziniar\u00e9, son premier Conseil d\u2019administration du secteur minist\u00e9riel (CASEM) de l\u2019ann\u00e9e en cours. Il a port\u00e9 sur les enjeux du red\u00e9coupage administratif du territoire national.<\/strong><\/p>\n<p>Annonc\u00e9 pendant la campagne pr\u00e9sidentielle de novembre 2020 par le Pr\u00e9sident du Faso, Roch Marc Christian Kabor\u00e9, le processus de r\u00e9organisation du territoire national n\u2019est qu\u2019\u00e0 ses d\u00e9buts. Le minist\u00e8re de l\u2019Administration territoriale et de la D\u00e9centralisation (MATD) s\u2019y est pench\u00e9, le vendredi 30 avril 2021, \u00e0 Ziniar\u00e9, au cours de son premier Conseil d\u2019administration du secteur minist\u00e9riel (CASEM) de l\u2019ann\u00e9e en cours. \u00ab Nous sommes en train de travailler sur le dossier \u00bb, a inform\u00e9 la ministre d\u00e9l\u00e9gu\u00e9e charg\u00e9e de la D\u00e9centralisation, Madiara Sagnon.<\/p>\n<p>Le CASEM, a-t-elle expliqu\u00e9, porte sur les enjeux et les conditions de succ\u00e8s de la r\u00e9forme de l\u2019organisation administrative du territoire national. Selon Mme Sagnon, il s\u2019agit de r\u00e9fl\u00e9chir \u00e0 l\u2019effectivit\u00e9 de la r\u00e9forme et de proposer des orientations n\u00e9cessaires \u00e0 la r\u00e9ussite du processus. La ministre d\u00e9l\u00e9gu\u00e9e a estim\u00e9 que c\u2019est un imp\u00e9ratif pour les participants de s\u2019approprier le processus d\u2019\u00e9laboration de la feuille de route, pour mieux conduire celui de la r\u00e9organisation du territoire. \u00ab Nous ne sommes pas tr\u00e8s avanc\u00e9s. Il faut traiter ce dossier avec beaucoup d\u2019attention (\u2026) C\u2019est un travail complexe et tr\u00e8s sensible, nous voulons travailler calmement pour sortir quelque chose de consensuel \u00bb, a indiqu\u00e9 Madiara Sagnon.<\/p>\n<p>A combien de r\u00e9gions, provinces ou d\u00e9partements, faudra-t-il s\u2019attendre ? \u00ab C\u2019est encore pr\u00e9matur\u00e9. Nous sommes au stade de l\u2019\u00e9laboration de la feuille de route. C\u2019est au terme du CASEM que nous allons finaliser la feuille de route qui va permettre d\u2019entamer sereinement le processus de r\u00e9organisation \u00bb, a pr\u00e9cis\u00e9 la ministre d\u00e9l\u00e9gu\u00e9e.<\/p>\n<p>Le premier CASEM du MATD a \u00e9t\u00e9 aussi une occasion de faire le point des activit\u00e9s de l\u2019ann\u00e9e 2020, d\u2019\u00e9valuer les performances des diff\u00e9rentes structures du d\u00e9partement et des programmes budg\u00e9taires et d\u2019\u00e9changer sur le programme d\u2019activit\u00e9s de l\u2019ann\u00e9e 2021. Aux dires de la ministre d\u00e9l\u00e9gu\u00e9e, le MATD a atteint un taux de r\u00e9alisation physique de ses activit\u00e9s de l\u2019ordre de 83% pour un taux d\u2019ex\u00e9cution financi\u00e8re de 80%. Pour 2021, ce sont 285 activit\u00e9s qui sont programm\u00e9es par le minist\u00e8re pour un budget de plus de 12 milliards F CFA.<\/p>\n<p>Outre le d\u00e9coupage administratif, les autres d\u00e9fis portent sur la relecture du Code g\u00e9n\u00e9ral des collectivit\u00e9s territoriales et du Code \u00e9lectoral, la pr\u00e9vention et la gestion des conflits (fonciers, communautaires, ethniques\u2026) et l\u2019organisation des festivit\u00e9s du 11-D\u00e9cembre 2021 au Plateau central. Sur ce point particulier, la gouverneure Fatoumata B\u00e9non a fait le point d\u2019avancement de l\u2019organisation de la f\u00eate de l\u2019Ind\u00e9pendance. Pour la construction des voies, les \u00e9tudes sont finies, a-t-elle fait savoir.<\/p>\n<p>Les entreprises ont visit\u00e9 les sites sur lesquels elles devront effectuer les travaux, a ajout\u00e9 Mme B\u00e9non. Au niveau du minist\u00e8re charg\u00e9 de l\u2019Habitat, les dossiers d\u2019avis d\u2019appel d\u2019offres ont \u00e9t\u00e9 d\u00e9pouill\u00e9s pour la salle polyvalente, la place de la Nation et la Cit\u00e9 des forces vives, foi de Fatoumata B\u00e9non. A ce niveau, la parcellisation a \u00e9t\u00e9 effective, des bornes enfouies et les souscriptions s\u2019ouvriront incessamment, a-t-elle inform\u00e9. \u00ab Nous ne sommes pas trop en retard, l\u2019espoir est permis \u00bb, a-t-elle rassur\u00e9.<\/p>\n<p class=\"c1\"><strong>Djakaridia SIRIBIE<\/strong><\/p>\n<div class=\"td-a-rec td-a-rec-id-content_bottom tdi_33_1e0 td_block_template_1\">\n<p><img loading=\"lazy\" decoding=\"async\" class=\"aligncenter size-full wp-image-27454\" src=\"https:\/\/www.sidwaya.info\/wp-content\/uploads\/2020\/10\/PUB-Bandeau-paiement-mobile-siteweb.jpg\" alt=\"\" width=\"728\" height=\"90\"\/><\/div>\n<p>Auteur: JK. Sidwaya<br \/>\n<a href=\"https:\/\/www.sidwaya.info\/blog\/2021\/05\/02\/redecoupage-administratif-nous-sommes-a-lelaboration-de-la-feuille-de-route-madiara-sagnon-ministre-deleguee\/\">Cliquez ici pour lire l&rsquo;article depuis sa source.<\/a><\/p>\n","protected":false},"excerpt":{"rendered":"<p>Les souscriptions pour les parcelles du 11-D\u00e9cembre s\u2019ouvriront incessamment, selon la gouverneure du Plateau central, B\u00e9non Fatoumata (2e \u00e0 partir de la gauche). Le minist\u00e8re de l\u2019Administration territoriale et de la D\u00e9centralisation (MATD) a tenu, le vendredi 30 avril 2021, \u00e0 Ziniar\u00e9, son premier Conseil d\u2019administration du secteur minist\u00e9riel (CASEM) de l\u2019ann\u00e9e en cours. Il [&hellip;]<\/p>\n","protected":false},"author":1816,"featured_media":0,"comment_status":"closed","ping_status":"closed","sticky":false,"template":"","format":"standard","meta":{"fifu_image_url":"https:\/\/www.sidwaya.info\/wp-content\/uploads\/2021\/05\/administratif-696x330.jpg","fifu_image_alt":"Red\u00e9coupage administratif : \u00ab Nous sommes \u00e0 l\u2019\u00e9laboration de la feuille  de route \u00bb, Madiara Sagnon, ministre d\u00e9l\u00e9gu\u00e9e","footnotes":""},"categories":[73,81],"tags":[],"class_list":["post-116067","post","type-post","status-publish","format-standard","hentry","category-actualite","category-burkina-faso"],"_links":{"self":[{"href":"https:\/\/linitiative.ca\/International\/wp-json\/wp\/v2\/posts\/116067","targetHints":{"allow":["GET"]}}],"collection":[{"href":"https:\/\/linitiative.ca\/International\/wp-json\/wp\/v2\/posts"}],"about":[{"href":"https:\/\/linitiative.ca\/International\/wp-json\/wp\/v2\/types\/post"}],"author":[{"embeddable":true,"href":"https:\/\/linitiative.ca\/International\/wp-json\/wp\/v2\/users\/1816"}],"replies":[{"embeddable":true,"href":"https:\/\/linitiative.ca\/International\/wp-json\/wp\/v2\/comments?post=116067"}],"version-history":[{"count":0,"href":"https:\/\/linitiative.ca\/International\/wp-json\/wp\/v2\/posts\/116067\/revisions"}],"wp:attachment":[{"href":"https:\/\/linitiative.ca\/International\/wp-json\/wp\/v2\/media?parent=116067"}],"wp:term":[{"taxonomy":"category","embeddable":true,"href":"https:\/\/linitiative.ca\/International\/wp-json\/wp\/v2\/categories?post=116067"},{"taxonomy":"post_tag","embeddable":true,"href":"https:\/\/linitiative.ca\/International\/wp-json\/wp\/v2\/tags?post=116067"}],"curies":[{"name":"wp","href":"https:\/\/api.w.org\/{rel}","templated":true}]}}