{"id":116068,"date":"2021-05-03T07:57:09","date_gmt":"2021-05-03T11:57:09","guid":{"rendered":"https:\/\/linitiative.ca\/International\/ruee-des-partis-politiques-vers-la-majorite-me-benewende-sankara-ministre-de-lurbanisme-de-lhabitat-et-de-la-ville-se-prononce\/"},"modified":"2021-05-03T07:57:09","modified_gmt":"2021-05-03T11:57:09","slug":"ruee-des-partis-politiques-vers-la-majorite-me-benewende-sankara-ministre-de-lurbanisme-de-lhabitat-et-de-la-ville-se-prononce","status":"publish","type":"post","link":"https:\/\/linitiative.ca\/International\/ruee-des-partis-politiques-vers-la-majorite-me-benewende-sankara-ministre-de-lurbanisme-de-lhabitat-et-de-la-ville-se-prononce\/","title":{"rendered":"Ru\u00e9e des partis politiques vers la majorit\u00e9: Me B\u00e9n\u00e9wend\u00e9 Sankara, ministre de l\u2019urbanisme, de l\u2019habitat et de la ville se prononce"},"content":{"rendered":"<div class=\"comment-form-input-wrap td-form-comment\" readability=\"7\">\n<textarea placeholder=\"Commenter :\" id=\"comment\" name=\"comment\" cols=\"45\" rows=\"8\" aria-required=\"true\"\/><\/p>\n<p>S&rsquo;il vous pla\u00eet entrez votre commentaire!<\/p>\n<\/div>\n<div class=\"comment-form-input-wrap td-form-author\" readability=\"7\"><input class=\"\" id=\"author\" name=\"author\" placeholder=\"Nom :*\" type=\"text\" value=\"\" size=\"30\" aria-required=\"true\"\/><\/p>\n<p>S&rsquo;il vous pla\u00eet entrez votre nom ici<\/p>\n<\/div>\n<div class=\"comment-form-input-wrap td-form-email\" readability=\"9\"><input class=\"\" id=\"email\" name=\"email\" placeholder=\"Email :*\" type=\"text\" value=\"\" size=\"30\" aria-required=\"true\"\/><\/p>\n<p>Vous avez entr\u00e9 une adresse email incorrecte!<\/p>\n<p>Veuillez entrer votre adresse email ici<\/p>\n<\/div>\n<p class=\"comment-form-cookies-consent\"><input id=\"wp-comment-cookies-consent\" name=\"wp-comment-cookies-consent\" type=\"checkbox\" value=\"yes\"\/><label for=\"wp-comment-cookies-consent\">Enregistrer mon nom, email et site web dans ce navigateur pour la prochaine fois que je commenterai.<\/label><\/p>\n<p class=\"comment-form-mailpoet\"><label for=\"mailpoet_subscribe_on_comment\"><input type=\"checkbox\" id=\"mailpoet_subscribe_on_comment\" value=\"1\" name=\"mailpoet[subscribe_on_comment]\"\/>\u00a0Oui, ajoutez-moi \u00e0 votre liste de diffusion.<\/label><\/p>\n<p class=\"comment-subscription-form\"><input type=\"checkbox\" name=\"subscribe_comments\" id=\"subscribe_comments\" value=\"subscribe\" class=\"c6\"\/> <label class=\"subscribe-label\" id=\"subscribe-label\" for=\"subscribe_comments\">Pr\u00e9venez-moi de tous les nouveaux commentaires par e-mail.<\/label><\/p>\n<p class=\"comment-subscription-form\"><input type=\"checkbox\" name=\"subscribe_blog\" id=\"subscribe_blog\" value=\"subscribe\" class=\"c6\"\/> <label class=\"subscribe-label\" id=\"subscribe-blog-label\" for=\"subscribe_blog\">Pr\u00e9venez-moi de tous les nouveaux articles par e-mail.<\/label><\/p>\n<p><noscript><\/p>\n<div>\n<\/div>\n<p><\/noscript><input name=\"submit\" type=\"submit\" id=\"submit\" class=\"submit\" value=\"Poster un commentaire\"\/> <input type=\"hidden\" name=\"comment_post_ID\" value=\"34969\" id=\"comment_post_ID\"\/> <input type=\"hidden\" name=\"comment_parent\" id=\"comment_parent\" value=\"0\"\/><\/p>\n<p><input type=\"hidden\" id=\"ak_js\" name=\"ak_js\" value=\"118\"\/><br \/>\n<textarea name=\"ak_hp_textarea\" cols=\"45\" rows=\"8\" maxlength=\"100\" class=\"c13\"\/><br \/>\nAuteur: BS. Sidwaya<br \/>\n<a href=\"https:\/\/www.sidwaya.info\/blog\/2021\/05\/03\/ruee-des-partis-politiques-vers-la-majorite-me-benewende-sankara-ministre-de-lurbanisme-de-lhabitat-et-de-la-ville-se-prononce\/\">Cliquez ici pour lire l&rsquo;article depuis sa source.<\/a><\/p>\n","protected":false},"excerpt":{"rendered":"<p>S&rsquo;il vous pla\u00eet entrez votre commentaire! S&rsquo;il vous pla\u00eet entrez votre nom ici Vous avez entr\u00e9 une adresse email incorrecte! Veuillez entrer votre adresse email ici Enregistrer mon nom, email et site web dans ce navigateur pour la prochaine fois que je commenterai. \u00a0Oui, ajoutez-moi \u00e0 votre liste de diffusion. Pr\u00e9venez-moi de tous les nouveaux [&hellip;]<\/p>\n","protected":false},"author":1816,"featured_media":0,"comment_status":"closed","ping_status":"closed","sticky":false,"template":"","format":"standard","meta":{"fifu_image_url":"","fifu_image_alt":"","footnotes":""},"categories":[73,81],"tags":[],"class_list":["post-116068","post","type-post","status-publish","format-standard","hentry","category-actualite","category-burkina-faso"],"_links":{"self":[{"href":"https:\/\/linitiative.ca\/International\/wp-json\/wp\/v2\/posts\/116068","targetHints":{"allow":["GET"]}}],"collection":[{"href":"https:\/\/linitiative.ca\/International\/wp-json\/wp\/v2\/posts"}],"about":[{"href":"https:\/\/linitiative.ca\/International\/wp-json\/wp\/v2\/types\/post"}],"author":[{"embeddable":true,"href":"https:\/\/linitiative.ca\/International\/wp-json\/wp\/v2\/users\/1816"}],"replies":[{"embeddable":true,"href":"https:\/\/linitiative.ca\/International\/wp-json\/wp\/v2\/comments?post=116068"}],"version-history":[{"count":0,"href":"https:\/\/linitiative.ca\/International\/wp-json\/wp\/v2\/posts\/116068\/revisions"}],"wp:attachment":[{"href":"https:\/\/linitiative.ca\/International\/wp-json\/wp\/v2\/media?parent=116068"}],"wp:term":[{"taxonomy":"category","embeddable":true,"href":"https:\/\/linitiative.ca\/International\/wp-json\/wp\/v2\/categories?post=116068"},{"taxonomy":"post_tag","embeddable":true,"href":"https:\/\/linitiative.ca\/International\/wp-json\/wp\/v2\/tags?post=116068"}],"curies":[{"name":"wp","href":"https:\/\/api.w.org\/{rel}","templated":true}]}}