{"id":116069,"date":"2021-05-03T10:06:08","date_gmt":"2021-05-03T14:06:08","guid":{"rendered":"https:\/\/linitiative.ca\/International\/burkina-le-president-du-faso-roch-kabore-rends-hommage-pour-les-sacrifices-consentis-par-les-hommes-de-medias\/"},"modified":"2021-05-03T10:06:08","modified_gmt":"2021-05-03T14:06:08","slug":"burkina-le-president-du-faso-roch-kabore-rends-hommage-pour-les-sacrifices-consentis-par-les-hommes-de-medias","status":"publish","type":"post","link":"https:\/\/linitiative.ca\/International\/burkina-le-president-du-faso-roch-kabore-rends-hommage-pour-les-sacrifices-consentis-par-les-hommes-de-medias\/","title":{"rendered":"Burkina\u00a0: \u00a0Le pr\u00e9sident du Faso, Roch Kabor\u00e9 rends hommage pour les sacrifices consentis par les Hommes de m\u00e9dias"},"content":{"rendered":"<div class=\"td-post-featured-image\"><a href=\"https:\/\/www.sidwaya.info\/wp-content\/uploads\/2021\/05\/ph-press-Copie.jpg\" data-caption=\"\"><img loading=\"lazy\" decoding=\"async\" width=\"696\" height=\"463\" class=\"entry-thumb td-modal-image\" src=\"https:\/\/www.sidwaya.info\/wp-content\/uploads\/2021\/05\/ph-press-Copie-696x463.jpg\" srcset=\"https:\/\/www.sidwaya.info\/wp-content\/uploads\/2021\/05\/ph-press-Copie-696x463.jpg 696w, https:\/\/www.sidwaya.info\/wp-content\/uploads\/2021\/05\/ph-press-Copie-300x199.jpg 300w, https:\/\/www.sidwaya.info\/wp-content\/uploads\/2021\/05\/ph-press-Copie-768x510.jpg 768w, https:\/\/www.sidwaya.info\/wp-content\/uploads\/2021\/05\/ph-press-Copie-150x100.jpg 150w, https:\/\/www.sidwaya.info\/wp-content\/uploads\/2021\/05\/ph-press-Copie-632x420.jpg 632w, https:\/\/www.sidwaya.info\/wp-content\/uploads\/2021\/05\/ph-press-Copie.jpg 960w\" sizes=\"auto, (max-width: 696px) 100vw, 696px\" alt=\"\" title=\"ph press - Copie\"\/><\/a><\/div>\n<p>A l\u2019instar de la communaut\u00e9 internationale, le Burkina Faso c\u00e9l\u00e8bre ce 3 mai 2021, la Journ\u00e9e mondiale de la libert\u00e9 de la presse. A cette occasion je salue l\u2019engagement et le d\u00e9vouement des femmes et des hommes de presse, qui accomplissent leur mission avec responsabilit\u00e9 et professionnalisme. \u00a0Je leur rends hommage pour les sacrifices consentis pour l\u2019information du public. \u00a0L\u2019existence d\u2019une presse libre et ind\u00e9pendante est l\u2019essence m\u00eame de notre d\u00e9mocratie, et le fondement de la soci\u00e9t\u00e9 de paix r\u00e9concili\u00e9e avec elle-m\u00eame, que nous voulons.<\/p>\n<div class=\"td-a-rec td-a-rec-id-content_bottom tdi_33_60f td_block_template_1\">\n<p><img loading=\"lazy\" decoding=\"async\" class=\"aligncenter size-full wp-image-27454\" src=\"https:\/\/www.sidwaya.info\/wp-content\/uploads\/2020\/10\/PUB-Bandeau-paiement-mobile-siteweb.jpg\" alt=\"\" width=\"728\" height=\"90\"\/><\/div>\n<p>Auteur: Wamini SIDWAYA<br \/>\n<a href=\"https:\/\/www.sidwaya.info\/blog\/2021\/05\/03\/burkina-le-president-du-faso-roch-kabore-rends-hommage-pour-les-sacrifices-consentis-par-les-hommes-de-medias\/\">Cliquez ici pour lire l&rsquo;article depuis sa source.<\/a><\/p>\n","protected":false},"excerpt":{"rendered":"<p>A l\u2019instar de la communaut\u00e9 internationale, le Burkina Faso c\u00e9l\u00e8bre ce 3 mai 2021, la Journ\u00e9e mondiale de la libert\u00e9 de la presse. A cette occasion je salue l\u2019engagement et le d\u00e9vouement des femmes et des hommes de presse, qui accomplissent leur mission avec responsabilit\u00e9 et professionnalisme. \u00a0Je leur rends hommage pour les sacrifices consentis [&hellip;]<\/p>\n","protected":false},"author":1816,"featured_media":0,"comment_status":"closed","ping_status":"closed","sticky":false,"template":"","format":"standard","meta":{"fifu_image_url":"https:\/\/www.sidwaya.info\/wp-content\/uploads\/2021\/05\/ph-press-Copie-696x463.jpg","fifu_image_alt":"Burkina\u00a0: \u00a0Le pr\u00e9sident du Faso, Roch Kabor\u00e9 rends hommage pour les sacrifices consentis par les Hommes de m\u00e9dias","footnotes":""},"categories":[73,81],"tags":[],"class_list":["post-116069","post","type-post","status-publish","format-standard","hentry","category-actualite","category-burkina-faso"],"_links":{"self":[{"href":"https:\/\/linitiative.ca\/International\/wp-json\/wp\/v2\/posts\/116069","targetHints":{"allow":["GET"]}}],"collection":[{"href":"https:\/\/linitiative.ca\/International\/wp-json\/wp\/v2\/posts"}],"about":[{"href":"https:\/\/linitiative.ca\/International\/wp-json\/wp\/v2\/types\/post"}],"author":[{"embeddable":true,"href":"https:\/\/linitiative.ca\/International\/wp-json\/wp\/v2\/users\/1816"}],"replies":[{"embeddable":true,"href":"https:\/\/linitiative.ca\/International\/wp-json\/wp\/v2\/comments?post=116069"}],"version-history":[{"count":0,"href":"https:\/\/linitiative.ca\/International\/wp-json\/wp\/v2\/posts\/116069\/revisions"}],"wp:attachment":[{"href":"https:\/\/linitiative.ca\/International\/wp-json\/wp\/v2\/media?parent=116069"}],"wp:term":[{"taxonomy":"category","embeddable":true,"href":"https:\/\/linitiative.ca\/International\/wp-json\/wp\/v2\/categories?post=116069"},{"taxonomy":"post_tag","embeddable":true,"href":"https:\/\/linitiative.ca\/International\/wp-json\/wp\/v2\/tags?post=116069"}],"curies":[{"name":"wp","href":"https:\/\/api.w.org\/{rel}","templated":true}]}}