{"id":116071,"date":"2021-05-03T16:06:08","date_gmt":"2021-05-03T20:06:08","guid":{"rendered":"https:\/\/linitiative.ca\/International\/assises-nationales-de-leducation-le-ministre-ouaro-consulte-les-partenaires-techniques-et-financiers\/"},"modified":"2021-05-03T16:06:08","modified_gmt":"2021-05-03T20:06:08","slug":"assises-nationales-de-leducation-le-ministre-ouaro-consulte-les-partenaires-techniques-et-financiers","status":"publish","type":"post","link":"https:\/\/linitiative.ca\/International\/assises-nationales-de-leducation-le-ministre-ouaro-consulte-les-partenaires-techniques-et-financiers\/","title":{"rendered":"Assises nationales de l\u2019\u00e9ducation : Le ministre Ouaro consulte les  partenaires techniques et financiers"},"content":{"rendered":"<div class=\"td-post-featured-image\">\n<figure><a href=\"https:\/\/www.sidwaya.info\/wp-content\/uploads\/2021\/05\/assises.jpg\" data-caption=\"Le ministre en charge de l\u2019Education nationale, Stanislas Ouaro (milieu) a invit\u00e9 les PTF \u00e0 un engagement ferme pour la r\u00e9ussite de ces assises.\"><img loading=\"lazy\" decoding=\"async\" width=\"696\" height=\"464\" class=\"entry-thumb td-modal-image\" src=\"https:\/\/www.sidwaya.info\/wp-content\/uploads\/2021\/05\/assises-696x464.jpg\" srcset=\"https:\/\/www.sidwaya.info\/wp-content\/uploads\/2021\/05\/assises-696x464.jpg 696w, https:\/\/www.sidwaya.info\/wp-content\/uploads\/2021\/05\/assises-300x200.jpg 300w, https:\/\/www.sidwaya.info\/wp-content\/uploads\/2021\/05\/assises-768x512.jpg 768w, https:\/\/www.sidwaya.info\/wp-content\/uploads\/2021\/05\/assises-150x100.jpg 150w, https:\/\/www.sidwaya.info\/wp-content\/uploads\/2021\/05\/assises-630x420.jpg 630w, https:\/\/www.sidwaya.info\/wp-content\/uploads\/2021\/05\/assises.jpg 787w\" sizes=\"auto, (max-width: 696px) 100vw, 696px\" alt=\"\" title=\"assises\"\/><\/a><figcaption class=\"wp-caption-text\">Le ministre en charge de l\u2019Education nationale, Stanislas Ouaro (milieu) a invit\u00e9 les PTF \u00e0 un engagement ferme pour la r\u00e9ussite de ces assises.<\/figcaption><\/figure>\n<\/div>\n<p><strong>Le ministre de l\u2019Education nationale, de l\u2019Alphab\u00e9tisation et de la Promotion des langues nationales a rencontr\u00e9, les Partenaires techniques et financiers (PTF) de l\u2019\u00e9ducation, dans l\u2019apr\u00e8s-midi du vendredi 30 avril 2020 \u00e0 Ouagadougou afin de leurs pr\u00e9senter la d\u00e9marche d\u2019organisation des assises nationales de l\u2019\u00e9ducation.<\/strong><\/p>\n<p>Face aux maux qui minent le syst\u00e8me \u00e9ducatif burkinab\u00e8, le gouvernement a d\u00e9cid\u00e9 de la tenue prochaine des assises nationales sur l\u2019\u00e9ducation afin de trouver des solutions aux difficult\u00e9s majeures du secteur. L\u2019autorisation de la tenue de ces assises a \u00e9t\u00e9 donn\u00e9e par le Conseil des ministres en sa s\u00e9ance du 31 mars dernier.<\/p>\n<p>Tout en donnant son accord pour l\u2019organisation de cette rencontre, le conseil, avec \u00e0 sa t\u00eate le pr\u00e9sident du Faso, Roch Kabor\u00e9 a donn\u00e9 instruction au ministre de l\u2019Education nationale, de l\u2019Alphab\u00e9tisation et de la Promotion des langues nationales, Stanislas Ouaro d\u2019impliquer l\u2019ensemble des acteurs dans les pr\u00e9paratifs de ce grand rendez-vous. Et ce, afin de faciliter la mise en \u0153uvre des recommandations qui sortiront de cette rencontre.<\/p>\n<p>C\u2019est ainsi que conform\u00e9ment au v\u0153u formul\u00e9 par le chef de l\u2019Etat, le ministre en charge de l\u2019Education nationale a entam\u00e9 une s\u00e9rie de concertations avec les diff\u00e9rents maillons de la chaine \u00e9ducative. Apr\u00e8s les anciens ministres en charge de l\u2019\u00e9ducation, les syndicats, les associations des parents d\u2019\u00e9l\u00e8ves et les faiti\u00e8res des \u00e9tablissements priv\u00e9s, il a \u00e9chang\u00e9 dans l\u2019apr\u00e8s-midi du vendredi 30 avril 2021 \u00e0 Ouagadougou avec les Partenaires techniques et financiers (PTF) de l\u2019\u00e9ducation.<\/p>\n<p>Comme lors des rencontres avec les autres acteurs, l\u2019objectif de ce t\u00eate \u00e0 t\u00eate avec les PTF \u00e9tait de leurs montrer la d\u00e9marche d\u2019organisation des assises nationales de l\u2019\u00e9ducation. \u00ab\u00a0Ce sont des acteurs incontournables et privil\u00e9gi\u00e9s qui nous accompagnent dans le d\u00e9veloppement de notre syst\u00e8me \u00e9ducatif en s\u2019alignant sur les priorit\u00e9s nationales. Ils connaissent bien nos pr\u00e9occupations et nous avons souhait\u00e9 les rencontr\u00e9 pour leurs pr\u00e9senter la d\u00e9marche que nous avons adopt\u00e9 pour l\u2019organisation des assises nationales sur l\u2019\u00e9ducation\u00a0\u00bb, a indiqu\u00e9 le ministre Ouaro.<\/p>\n<p>Pour ce faire, les Tests de r\u00e9f\u00e9rence (TDR) ont \u00e9t\u00e9 remis aux PTF lors de la rencontre afin de recueillir leurs avis et suggestions. \u00ab\u00a0Ils ont souhait\u00e9 se r\u00e9unir plus tard pour mieux examiner les TDR et nous revenir avec leurs commentaires\u00a0\u00bb, a-t-il fait savoir le ministre Ouaro. En attendant le feedback des partenaires sur les documents soumis \u00e0 leur appr\u00e9ciation, il a sollicit\u00e9 leur engagement ferme pour la r\u00e9ussite de ces assises.<\/p>\n<p>Un engagement que lui a assur\u00e9 la chef de file des PTF de l\u2019\u00e9ducation, Marjorie Cheron, qui a appr\u00e9ci\u00e9 positivement la d\u00e9marche inclusive. \u00ab\u00a0Nous sommes tr\u00e8s contents d\u2019avoir \u00e9t\u00e9 associ\u00e9s \u00e0 l\u2019organisation de ces assises. Le ministre Ouaro a \u00e9t\u00e9 tr\u00e8s honn\u00eate en pr\u00e9sentant le tableau des difficult\u00e9s de son d\u00e9partement et il est tr\u00e8s ouvert dans sa volont\u00e9 de trouver des solutions. Nous allons donc l\u2019y accompagner\u00a0\u00bb, a-t-elle d\u00e9clar\u00e9.<\/p>\n<p class=\"c1\"><strong>Nad\u00e8ge YAMEOGO<\/strong><\/p>\n<div class=\"td-a-rec td-a-rec-id-content_bottom tdi_33_677 td_block_template_1\">\n<p><img loading=\"lazy\" decoding=\"async\" class=\"aligncenter size-full wp-image-27454\" src=\"https:\/\/www.sidwaya.info\/wp-content\/uploads\/2020\/10\/PUB-Bandeau-paiement-mobile-siteweb.jpg\" alt=\"\" width=\"728\" height=\"90\"\/><\/div>\n<p>Auteur: JK. Sidwaya<br \/>\n<a href=\"https:\/\/www.sidwaya.info\/blog\/2021\/05\/03\/assises-nationales-de-leducation-le-ministre-ouaro-consulte-les-partenaires-techniques-et-financiers\/\">Cliquez ici pour lire l&rsquo;article depuis sa source.<\/a><\/p>\n","protected":false},"excerpt":{"rendered":"<p>Le ministre en charge de l\u2019Education nationale, Stanislas Ouaro (milieu) a invit\u00e9 les PTF \u00e0 un engagement ferme pour la r\u00e9ussite de ces assises. Le ministre de l\u2019Education nationale, de l\u2019Alphab\u00e9tisation et de la Promotion des langues nationales a rencontr\u00e9, les Partenaires techniques et financiers (PTF) de l\u2019\u00e9ducation, dans l\u2019apr\u00e8s-midi du vendredi 30 avril 2020 [&hellip;]<\/p>\n","protected":false},"author":1816,"featured_media":0,"comment_status":"closed","ping_status":"closed","sticky":false,"template":"","format":"standard","meta":{"fifu_image_url":"https:\/\/www.sidwaya.info\/wp-content\/uploads\/2021\/05\/assises-696x464.jpg","fifu_image_alt":"Assises nationales de l\u2019\u00e9ducation : Le ministre Ouaro consulte les  partenaires techniques et financiers","footnotes":""},"categories":[73,81],"tags":[],"class_list":["post-116071","post","type-post","status-publish","format-standard","hentry","category-actualite","category-burkina-faso"],"_links":{"self":[{"href":"https:\/\/linitiative.ca\/International\/wp-json\/wp\/v2\/posts\/116071","targetHints":{"allow":["GET"]}}],"collection":[{"href":"https:\/\/linitiative.ca\/International\/wp-json\/wp\/v2\/posts"}],"about":[{"href":"https:\/\/linitiative.ca\/International\/wp-json\/wp\/v2\/types\/post"}],"author":[{"embeddable":true,"href":"https:\/\/linitiative.ca\/International\/wp-json\/wp\/v2\/users\/1816"}],"replies":[{"embeddable":true,"href":"https:\/\/linitiative.ca\/International\/wp-json\/wp\/v2\/comments?post=116071"}],"version-history":[{"count":0,"href":"https:\/\/linitiative.ca\/International\/wp-json\/wp\/v2\/posts\/116071\/revisions"}],"wp:attachment":[{"href":"https:\/\/linitiative.ca\/International\/wp-json\/wp\/v2\/media?parent=116071"}],"wp:term":[{"taxonomy":"category","embeddable":true,"href":"https:\/\/linitiative.ca\/International\/wp-json\/wp\/v2\/categories?post=116071"},{"taxonomy":"post_tag","embeddable":true,"href":"https:\/\/linitiative.ca\/International\/wp-json\/wp\/v2\/tags?post=116071"}],"curies":[{"name":"wp","href":"https:\/\/api.w.org\/{rel}","templated":true}]}}