{"id":116073,"date":"2021-05-03T14:18:02","date_gmt":"2021-05-03T18:18:02","guid":{"rendered":"https:\/\/linitiative.ca\/International\/maroc-le-gouvernement-continue-a-verser-les-salaires-des-employes-des-etablissements-mediatiques\/"},"modified":"2021-05-03T14:18:02","modified_gmt":"2021-05-03T18:18:02","slug":"maroc-le-gouvernement-continue-a-verser-les-salaires-des-employes-des-etablissements-mediatiques","status":"publish","type":"post","link":"https:\/\/linitiative.ca\/International\/maroc-le-gouvernement-continue-a-verser-les-salaires-des-employes-des-etablissements-mediatiques\/","title":{"rendered":"Maroc : Le gouvernement continue \u00e0 verser les salaires des employ\u00e9s des \u00e9tablissements m\u00e9diatiques"},"content":{"rendered":"<div readability=\"32\">\n<p>Publi\u00e9 le 03.05.2021 \u00e0 19h18 par APA News<\/p>\n<\/div>\n<div readability=\"63\">\n<p>Le gouvernement marocain continuera \u00e0 verser les salaires des employ\u00e9s des \u00e9tablissements m\u00e9diatiques pendant les trois prochains mois, dans le cadre des dispositions de l\u2019aide exceptionnelle li\u00e9e \u00e0 la lutte contre les r\u00e9percussions de la pand\u00e9mie.En effet, une r\u00e9union a \u00e9t\u00e9 tenue, ce lundi \u00e0 Rabat, entre le ministre de la Culture et l\u2019Association nationale des m\u00e9dias et des \u00e9diteurs durant laquelle les deux parties ont examin\u00e9 la situation difficile que vivent les entreprises de presse pendant cette p\u00e9riode de crise sanitaire li\u00e9e \u00e0 la pand\u00e9mie de Covid-19.<\/p>\n<p>Aussi, l\u2019association a demand\u00e9 au ministre de les accompagner dans la discussion qu\u2019elle souhaite ouvrir avec les grands groupes mondiaux \u00ab GAFAM \u00bb (Google, Apple, Facebook, Amazon et Microsoft) et l\u2019ont inform\u00e9 des d\u00e9marches qu\u2019elle envisage d\u2019entreprendre \u00e0 cet \u00e9gard.<\/p>\n<p>De son c\u00f4t\u00e9, le ministre a promis de soutenir les \u00e9tapes que l\u2019association voudrait entreprendre pour d\u00e9velopper le secteur, et d\u2019autre part, pour continuer \u00e0 soutenir les entreprises de presse pour les trois prochains mois, jusqu\u2019\u00e0 juin 2021.<\/p>\n<p>Le ministre a aussi r\u00e9affirm\u00e9 l\u2019engagement du gouvernement \u00e0 payer les engagements de la Caisse nationale de s\u00e9curit\u00e9 sociale (CNSS), li\u00e9s aux salaires vers\u00e9s depuis juillet 2020.<\/p>\n<p>Il a \u00e9galement affirm\u00e9 la volont\u00e9 de son minist\u00e8re d\u2019\u00e9tudier tous les m\u00e9canismes possibles pour soutenir le secteur et les entreprises m\u00e9diatiques pour leur donner toutes les possibilit\u00e9s de survie au service de la profession.<\/p>\n<\/div>\n<p>Auteur: APA News<br \/>\n<a href=\"https:\/\/www.journalducameroun.com\/maroc-le-gouvernement-continue-a-verser-les-salaires-des-employes-des-etablissements-mediatiques\/\">Cliquez ici pour lire l&rsquo;article depuis sa source.<\/a><\/p>\n","protected":false},"excerpt":{"rendered":"<p>Publi\u00e9 le 03.05.2021 \u00e0 19h18 par APA News Le gouvernement marocain continuera \u00e0 verser les salaires des employ\u00e9s des \u00e9tablissements m\u00e9diatiques pendant les trois prochains mois, dans le cadre des dispositions de l\u2019aide exceptionnelle li\u00e9e \u00e0 la lutte contre les r\u00e9percussions de la pand\u00e9mie.En effet, une r\u00e9union a \u00e9t\u00e9 tenue, ce lundi \u00e0 Rabat, entre [&hellip;]<\/p>\n","protected":false},"author":1965,"featured_media":0,"comment_status":"closed","ping_status":"closed","sticky":false,"template":"","format":"standard","meta":{"fifu_image_url":"","fifu_image_alt":"","footnotes":""},"categories":[73,82],"tags":[],"class_list":["post-116073","post","type-post","status-publish","format-standard","hentry","category-actualite","category-cameroun"],"_links":{"self":[{"href":"https:\/\/linitiative.ca\/International\/wp-json\/wp\/v2\/posts\/116073","targetHints":{"allow":["GET"]}}],"collection":[{"href":"https:\/\/linitiative.ca\/International\/wp-json\/wp\/v2\/posts"}],"about":[{"href":"https:\/\/linitiative.ca\/International\/wp-json\/wp\/v2\/types\/post"}],"author":[{"embeddable":true,"href":"https:\/\/linitiative.ca\/International\/wp-json\/wp\/v2\/users\/1965"}],"replies":[{"embeddable":true,"href":"https:\/\/linitiative.ca\/International\/wp-json\/wp\/v2\/comments?post=116073"}],"version-history":[{"count":0,"href":"https:\/\/linitiative.ca\/International\/wp-json\/wp\/v2\/posts\/116073\/revisions"}],"wp:attachment":[{"href":"https:\/\/linitiative.ca\/International\/wp-json\/wp\/v2\/media?parent=116073"}],"wp:term":[{"taxonomy":"category","embeddable":true,"href":"https:\/\/linitiative.ca\/International\/wp-json\/wp\/v2\/categories?post=116073"},{"taxonomy":"post_tag","embeddable":true,"href":"https:\/\/linitiative.ca\/International\/wp-json\/wp\/v2\/tags?post=116073"}],"curies":[{"name":"wp","href":"https:\/\/api.w.org\/{rel}","templated":true}]}}