{"id":116074,"date":"2021-05-03T14:18:02","date_gmt":"2021-05-03T18:18:02","guid":{"rendered":"https:\/\/linitiative.ca\/International\/maroc-deux-cas-dinfection-au-variant-indien-enregistres-a-casablanca\/"},"modified":"2021-05-03T14:18:02","modified_gmt":"2021-05-03T18:18:02","slug":"maroc-deux-cas-dinfection-au-variant-indien-enregistres-a-casablanca","status":"publish","type":"post","link":"https:\/\/linitiative.ca\/International\/maroc-deux-cas-dinfection-au-variant-indien-enregistres-a-casablanca\/","title":{"rendered":"Maroc : Deux cas d\u2019infection au variant indien enregistr\u00e9s \u00e0 Casablanca"},"content":{"rendered":"<div readability=\"32\">\n<p>Publi\u00e9 le 03.05.2021 \u00e0 19h18 par APA News<\/p>\n<\/div>\n<div readability=\"67\">\n<p>Deux cas confirm\u00e9s d\u2019infection au variant indien du nouveau coronavirus (Covid-19) ont \u00e9t\u00e9 enregistr\u00e9s \u00e0 Casablanca, annonce lundi le minist\u00e8re de la Sant\u00e9.Le premier cas a \u00e9t\u00e9 enregistr\u00e9 chez une personne en provenance de l\u2019\u00e9tranger et le second chez l\u2019un de ses contacts, un \u00e9tranger r\u00e9sidant au Maroc, pr\u00e9cise le minist\u00e8re, notant que l\u2019infection par le nouveau variant a \u00e9t\u00e9 confirm\u00e9e par le Centre national pour la recherche scientifique et technique \u00e0 Rabat, membre de la Coalition nationale des laboratoires de surveillance g\u00e9nomique.<\/p>\n<p>Le minist\u00e8re affirme que les deux cas ainsi que tous leurs contacts ont \u00e9t\u00e9 pris en charge conform\u00e9ment aux protocoles internationaux et nationaux en vigueur, avec renforcement des mesures d\u2019isolement sanitaire, pour faire face aux risques potentiels de propagation de cette souche.<\/p>\n<p>Aujourd\u2019hui, le Royaume a recens\u00e9 56 nouvelles infections en 24 heures, pour un total de 511.912 cas confirm\u00e9s \u00e0 la Covid-19, dont 9.032 d\u00e9c\u00e8s (+4) et 498.624 personnes gu\u00e9ries (+209).<\/p>\n<p>Pour ce qui est de la campagne de vaccination contre la Covid-19, un total de 5.107.128 de personnes a re\u00e7u la premi\u00e8re dose du vaccin alors que 4.282.269 personnes se sont vu administrer la deuxi\u00e8me dose du vaccin, selon le minist\u00e8re de la Sant\u00e9.<\/p>\n<p>Lanc\u00e9e le 28 janvier dernier, la campagne de vaccination, , est une op\u00e9ration gratuite pour l\u2019ensemble des citoyens avec comme objectif d\u2019immuniser 80% de la population, de r\u00e9duire puis \u00e9liminer les cas de contamination et de d\u00e9c\u00e8s dus \u00e0 l\u2019\u00e9pid\u00e9mie et de contenir la propagation du virus.<\/p>\n<\/div>\n<p>Auteur: APA News<br \/>\n<a href=\"https:\/\/www.journalducameroun.com\/maroc-deux-cas-dinfection-au-variant-indien-enregistres-a-casablanca\/\">Cliquez ici pour lire l&rsquo;article depuis sa source.<\/a><\/p>\n","protected":false},"excerpt":{"rendered":"<p>Publi\u00e9 le 03.05.2021 \u00e0 19h18 par APA News Deux cas confirm\u00e9s d\u2019infection au variant indien du nouveau coronavirus (Covid-19) ont \u00e9t\u00e9 enregistr\u00e9s \u00e0 Casablanca, annonce lundi le minist\u00e8re de la Sant\u00e9.Le premier cas a \u00e9t\u00e9 enregistr\u00e9 chez une personne en provenance de l\u2019\u00e9tranger et le second chez l\u2019un de ses contacts, un \u00e9tranger r\u00e9sidant au [&hellip;]<\/p>\n","protected":false},"author":1965,"featured_media":0,"comment_status":"closed","ping_status":"closed","sticky":false,"template":"","format":"standard","meta":{"fifu_image_url":"","fifu_image_alt":"","footnotes":""},"categories":[73,82],"tags":[],"class_list":["post-116074","post","type-post","status-publish","format-standard","hentry","category-actualite","category-cameroun"],"_links":{"self":[{"href":"https:\/\/linitiative.ca\/International\/wp-json\/wp\/v2\/posts\/116074","targetHints":{"allow":["GET"]}}],"collection":[{"href":"https:\/\/linitiative.ca\/International\/wp-json\/wp\/v2\/posts"}],"about":[{"href":"https:\/\/linitiative.ca\/International\/wp-json\/wp\/v2\/types\/post"}],"author":[{"embeddable":true,"href":"https:\/\/linitiative.ca\/International\/wp-json\/wp\/v2\/users\/1965"}],"replies":[{"embeddable":true,"href":"https:\/\/linitiative.ca\/International\/wp-json\/wp\/v2\/comments?post=116074"}],"version-history":[{"count":0,"href":"https:\/\/linitiative.ca\/International\/wp-json\/wp\/v2\/posts\/116074\/revisions"}],"wp:attachment":[{"href":"https:\/\/linitiative.ca\/International\/wp-json\/wp\/v2\/media?parent=116074"}],"wp:term":[{"taxonomy":"category","embeddable":true,"href":"https:\/\/linitiative.ca\/International\/wp-json\/wp\/v2\/categories?post=116074"},{"taxonomy":"post_tag","embeddable":true,"href":"https:\/\/linitiative.ca\/International\/wp-json\/wp\/v2\/tags?post=116074"}],"curies":[{"name":"wp","href":"https:\/\/api.w.org\/{rel}","templated":true}]}}