{"id":116076,"date":"2021-05-03T17:18:02","date_gmt":"2021-05-03T21:18:02","guid":{"rendered":"https:\/\/linitiative.ca\/International\/cote-divoire-aucun-manquement-visant-la-presse-en-ligne-en-avril\/"},"modified":"2021-05-03T17:18:02","modified_gmt":"2021-05-03T21:18:02","slug":"cote-divoire-aucun-manquement-visant-la-presse-en-ligne-en-avril","status":"publish","type":"post","link":"https:\/\/linitiative.ca\/International\/cote-divoire-aucun-manquement-visant-la-presse-en-ligne-en-avril\/","title":{"rendered":"C\u00f4te d\u2019Ivoire: \u00ab\u00a0aucun manquement\u00a0\u00bb visant la presse en ligne en avril"},"content":{"rendered":"<div readability=\"32\">\n<p>Publi\u00e9 le 03.05.2021 \u00e0 22h18 par APA News<\/p>\n<\/div>\n<div readability=\"70\">\n<p>Le rapport de l\u2019Observatoire des m\u00e9dias num\u00e9riques de C\u00f4te d\u2019Ivoire (Omenci) pour le mois d\u2019avril 2021, \u00e9tabli \u00e0 la suite d\u2019un monitoring de 15 m\u00e9dias en ligne, ressort \u00ab\u00a0aucun manquement\u00a0\u00bb aux r\u00e8gles d\u00e9ontologiques.<\/p>\n<p>\u00ab\u00a0Pour le mois d\u2019avril 2021 sur les 15 m\u00e9dias monitor\u00e9s, le comit\u00e9 de monitoring n\u2019a relev\u00e9 aucun manquement\u00a0\u00bb, et des faits majeurs fr\u00e9quemment observ\u00e9s chez certains m\u00e9dias en ligne, ne sont pas apparus dans les articles produits\u00a0\u00bb, indique le rapport.<\/p>\n<p>Le comit\u00e9 de monitoring a \u00ab\u00a0f\u00e9licit\u00e9 les m\u00e9dias en ligne qui pour ce mois d\u2019avril 2021 ont \u00e9t\u00e9 exemplaires dans la production de leurs articles qui s\u2019est faite dans le strict respect du code de l\u2019\u00e9thique et de la d\u00e9ontologie du journaliste\u00a0\u00bb.\u00a0<\/p>\n<p>\u00ab\u00a0Cela est une premi\u00e8re, ce qu\u2019encourage le comit\u00e9 pour une presse en ligne responsable\u00a0\u00bb et \u00ab\u00a0nous esp\u00e9rons que cela d\u00e9note de la prise en compte des remarques du comit\u00e9, ce qui est un bon pas vers la lab\u00e9lisation des m\u00e9dias num\u00e9riques\u00a0\u00bb, d\u00e9clarent les membres du comit\u00e9.<\/p>\n<p>Sur 15 m\u00e9dias monitor\u00e9s le mois pr\u00e9c\u00e8dent, entre le 1er et le 31 mars 2021, des manquements ont \u00e9t\u00e9 relev\u00e9s dans quatre m\u00e9dias.<\/p>\n<p>L\u2019Observatoire des m\u00e9dias num\u00e9riques de C\u00f4te d\u2019Ivoire (OMENCI) est un organe technique du R\u00e9seau des professionnels de la Presse en Ligne de C\u00f4te d\u2019Ivoire (REPPRELCI). Il est dirig\u00e9 par un secr\u00e9taire ex\u00e9cutif, nomm\u00e9 par le pr\u00e9sident du REPPRELCI.<\/p>\n<p>\u00a0Cet observatoire a pour missions de faire le monitoring des m\u00e9dias num\u00e9riques de C\u00f4te d\u2019Ivoire, de veiller au respect de l\u2019\u00e9thique et de la d\u00e9ontologie ; de promouvoir la libert\u00e9 de la presse et de contribuer \u00e0 la labellisation des m\u00e9dias num\u00e9riques.<\/p>\n<\/div>\n<p>Auteur: APA News<br \/>\n<a href=\"https:\/\/www.journalducameroun.com\/cote-divoire-aucun-manquement-visant-la-presse-en-ligne-en-avril\/\">Cliquez ici pour lire l&rsquo;article depuis sa source.<\/a><\/p>\n","protected":false},"excerpt":{"rendered":"<p>Publi\u00e9 le 03.05.2021 \u00e0 22h18 par APA News Le rapport de l\u2019Observatoire des m\u00e9dias num\u00e9riques de C\u00f4te d\u2019Ivoire (Omenci) pour le mois d\u2019avril 2021, \u00e9tabli \u00e0 la suite d\u2019un monitoring de 15 m\u00e9dias en ligne, ressort \u00ab\u00a0aucun manquement\u00a0\u00bb aux r\u00e8gles d\u00e9ontologiques. \u00ab\u00a0Pour le mois d\u2019avril 2021 sur les 15 m\u00e9dias monitor\u00e9s, le comit\u00e9 de monitoring [&hellip;]<\/p>\n","protected":false},"author":1965,"featured_media":0,"comment_status":"closed","ping_status":"closed","sticky":false,"template":"","format":"standard","meta":{"fifu_image_url":"","fifu_image_alt":"","footnotes":""},"categories":[73,82],"tags":[],"class_list":["post-116076","post","type-post","status-publish","format-standard","hentry","category-actualite","category-cameroun"],"_links":{"self":[{"href":"https:\/\/linitiative.ca\/International\/wp-json\/wp\/v2\/posts\/116076","targetHints":{"allow":["GET"]}}],"collection":[{"href":"https:\/\/linitiative.ca\/International\/wp-json\/wp\/v2\/posts"}],"about":[{"href":"https:\/\/linitiative.ca\/International\/wp-json\/wp\/v2\/types\/post"}],"author":[{"embeddable":true,"href":"https:\/\/linitiative.ca\/International\/wp-json\/wp\/v2\/users\/1965"}],"replies":[{"embeddable":true,"href":"https:\/\/linitiative.ca\/International\/wp-json\/wp\/v2\/comments?post=116076"}],"version-history":[{"count":0,"href":"https:\/\/linitiative.ca\/International\/wp-json\/wp\/v2\/posts\/116076\/revisions"}],"wp:attachment":[{"href":"https:\/\/linitiative.ca\/International\/wp-json\/wp\/v2\/media?parent=116076"}],"wp:term":[{"taxonomy":"category","embeddable":true,"href":"https:\/\/linitiative.ca\/International\/wp-json\/wp\/v2\/categories?post=116076"},{"taxonomy":"post_tag","embeddable":true,"href":"https:\/\/linitiative.ca\/International\/wp-json\/wp\/v2\/tags?post=116076"}],"curies":[{"name":"wp","href":"https:\/\/api.w.org\/{rel}","templated":true}]}}