{"id":116077,"date":"2021-05-03T10:48:49","date_gmt":"2021-05-03T14:48:49","guid":{"rendered":"https:\/\/linitiative.ca\/International\/visite-du-minjustice-au-gicam-vent-de-division-au-sein-du-patronat\/"},"modified":"2021-05-03T10:48:49","modified_gmt":"2021-05-03T14:48:49","slug":"visite-du-minjustice-au-gicam-vent-de-division-au-sein-du-patronat","status":"publish","type":"post","link":"https:\/\/linitiative.ca\/International\/visite-du-minjustice-au-gicam-vent-de-division-au-sein-du-patronat\/","title":{"rendered":"Visite du Minjustice au Gicam: vent de division au sein du patronat"},"content":{"rendered":"<p>La d\u00e9cision du Groupement inter-patronal du Cameroun (GICAM) d\u2019annuler la conf\u00e9rence-d\u00e9bat pr\u00e9vue le vendredi 16 avril avec une d\u00e9l\u00e9gation mandat\u00e9e par le ministre Laurent Esso pour le repr\u00e9senter n\u2019a pas encore fini de livrer ses secrets. Pass\u00e9e le d\u00e9bat et la pol\u00e9mique qui ont suivi la publication de la lettre adress\u00e9e par le pr\u00e9sident du Gicam au ministre de la justice garde des sceaux pour annuler ladite rencontre, l\u2019on en sait d\u00e9sormais un peu plus sur les circonstances dans lesquelles cette d\u00e9cision a \u00e9t\u00e9 prise, ainsi que ses implications dans le quotidien de l\u2019instance fa\u00eeti\u00e8re du patronat camerounais.<\/p>\n<p>Si l\u2019ex\u00e9cutif du Gicam s\u2019est officieusement d\u00e9fendu d\u2019avoir pris une position politique, des membres de l\u2019institution n\u2019ont pas manqu\u00e9 de faire savoir leur opposition \u00e0 cette d\u00e9marche. Au-del\u00e0 de cette annulation, c\u2019est l\u2019ensemble des relations que le Gicam entretient avec l\u2019administration camerounaise qui est sur le grill.<\/p>\n<p><strong>Lire aussi<\/strong> : <strong><a href=\"https:\/\/ecomatin.net\/gicam-contre-dgi-qui-va-tuer-lautres\/\">Tawamba\/Mopa Fatoing : qui va \u00ab\u00a0tuer\u00a0\u00bb l\u2019autre ?<\/a><\/strong><\/p>\n<p>Selon nos informations, une frange du comit\u00e9 des sages emmen\u00e9e par l\u2019ancien pr\u00e9sident du Gicam Andr\u00e9 Siaka a en effet manifest\u00e9 sa d\u00e9sapprobation face ce qu\u2019elle consid\u00e8re \u00eatre un climat de tension r\u00e9currentes avec les pouvoirs publics. Ce groupe n\u2019h\u00e9site pas \u00e0 rappeler les dissensions persistantes avec le directeur g\u00e9n\u00e9ral des imp\u00f4ts, \u2013 qui a r\u00e9cemment tenu une r\u00e9union dans la capitale \u00e9conomique en l\u2019absence du Gicam, \u2013 comme un des facteurs n\u00e9gatifs \u00e0 la saine collaboration entre le patronat et les pouvoirs publics. Une opinion qui a \u00e9t\u00e9 port\u00e9 \u00e0 l\u2019attention de l\u2019ex\u00e9cutif actuel qui a \u00e9t\u00e9 invit\u00e9 \u00e0 observer un changement de cap.<\/p>\n<p>En face, le conseil d\u2019administration tout comme un important groupe de patrons soutiennent pourtant la fermet\u00e9 avec laquelle le pr\u00e9sident Tawamba tient le bateau Gicam face aux entit\u00e9s gouvernementales. Pour eux, l\u2019influence du patronat camerounais a consid\u00e9rablement baiss\u00e9 ces derni\u00e8res ann\u00e9es, tout comme la consid\u00e9ration que lui portent les autorit\u00e9s camerounaises. \u00ab Le positionnement du pr\u00e9sident est clair. C\u2019est de partir de la traditionnelle d\u00e9fense des int\u00e9r\u00eats et la fourniture de services aux membres pour d\u00e9velopper des aptitudes \u00e0 influencer l\u2019\u00e9laboration et la mise en \u0153uvre des politiques \u00e9conomiques, sociales et d\u2019entreprises \u00bb, confie un cadre du Gicam.<\/p>\n<p>Le Gicam en est convaincu, \u00ab la frustration des chefs d\u2019entreprises atteint des proportions in\u00e9gal\u00e9es face au dialogue public\/priv\u00e9 qui appara\u00eet plus que jamais comme \u00e9tant gripp\u00e9 \u00bb. Mais la m\u00e9thode \u00e0 employer pour y rem\u00e9dier diverge. Cette prise de position des doyens de l\u2019Institution am\u00e8nera-t-il l\u2019\u00e9quipe Tawamba \u00e0 \u00eatre d\u2019avantage flexible dans ses rapports avec les autorit\u00e9s administratives ? Difficile d\u2019y apporter une r\u00e9ponse d\u00e9finitive. Ce vent de dissonance devrait assur\u00e9ment ouvrir un d\u00e9bat interne sur le meilleur sur les voies et moyens de tirer le meilleur parti de la collaboration entre le patronat et les pouvoirs publics.<\/p>\n<p><strong>Lire aussi<\/strong> : <strong><a href=\"https:\/\/ecomatin.net\/telephones-et-tablettes-le-gicam-propose-la-suppression-des-taxes-et-droits-de-douane\/\">T\u00e9l\u00e9phones et tablettes : le Gicam propose la suppression des taxes et droits de douane<\/a><\/strong><\/p>\n<p>Rappelons qu\u2019en 2020, quatre membres du gouvernement ont \u00e9t\u00e9 re\u00e7us au Gicam dans le cadre du dialogue public priv\u00e9. Il s\u2019agit du ministre des Travaux Publics, Emmanuel Nganou Djoumessi dont la rencontre a tabl\u00e9, le 27 novembre 2020, sur \u201cl\u2019apport du secteur priv\u00e9 dans le d\u00e9veloppement et la durabilit\u00e9 des infrastructures routi\u00e8res\u201d. Le ministre de l\u2019Emploi et de la formation professionnelle y est all\u00e9, d\u00e9but octobre, pour la premi\u00e8re \u00e9tape de la campagne de promotion du dispositif institutionnel de la formation professionnelle au Cameroun. Le 6 mars, le ministre de la Sant\u00e9 Publique, Malachie Manaouda y a pr\u00e9sid\u00e9 la rencontre d\u2019\u00e9change et d\u2019information sur le Coronavirus. C\u2019est le ministre des PME, de l\u2019Economie Sociale et de l\u2019Artisanat, Achille Bassilekin III, qui a ouvert le bal des \u00e9changes entre les membres du gouvernement et le Gicam, le 28 janvier. Sept chefs de d\u00e9partements minist\u00e9riels ont sacrifi\u00e9 \u00e0 cet exercice en 2019.<\/p>\n<p><strong>Concertation\u00a0: De quoi le Gicam veut discuter avec Laurent Esso<\/strong><\/p>\n<p>La prochaine fois sera peut-\u00eatre la bonne pour le minist\u00e8re de la Justice (Minjustice) qui souhaitait tenir une rencontre d\u2019\u00e9changes avec les op\u00e9rateurs \u00e9conomiques, le 16 avril 2021 \u00e0 Douala. Dans la correspondance adress\u00e9e le 15 avril 2021 au ministre d\u2019Etat, ministre de la Justice, Garde des Sceaux, Laurent Esso, le pr\u00e9sident du Gicam, C\u00e9lestin K. Tawamba, rassure: \u201cNous sommes dispos\u00e9s \u00e0 vous accueillir \u00e0 une prochaine date, \u00e0 votre convenance.\u201d Au-del\u00e0 de la pol\u00e9mique sur les motifs de la l\u2019annulation de ce rendez-vous, l\u2019on s\u2019interroge encore sur l\u2019ordre du jour de cette concertation.<\/p>\n<p><strong>Lire aussi<\/strong> : <strong><a href=\"https:\/\/ecomatin.net\/soutien-a-lentrepreneuriat-le-gicam-inaugure-son-centre-dincubation\/\">Soutien \u00e0 l\u2019entrepreneuriat : le Gicam inaugure son centre d\u2019incubation<\/a><\/strong><\/p>\n<p>Selon le \u201cBulletin du patronat\u201d, plaquette d\u2019information du Gicam, \u00e9dition n\u00b080 de novembre 2020, c\u2019est le Minjustice qui en avait fait la proposition le 18 novembre 2020 \u00e0 Yaound\u00e9, lorsque le patronat \u00e9tait venu pr\u00e9senter le \u201cLivre blanc du Gicam sur l\u2019\u00e9conomie camerounaise\u201d au Premier Ministre et \u00e0 quelques membres du gouvernement. Au cours de la s\u00e9ance de travail qui a eu lieu au Minjustice, Laurent Esso, accompagn\u00e9 de ses plus proches collaborateurs dont Jean de Dieu Momo, ministre d\u00e9l\u00e9gu\u00e9, Feh Helen Kwanga \u00e9pse Galega, secr\u00e9taire g\u00e9n\u00e9ral, Dr Gaston Kenfack, directeur de la L\u00e9gislation et Joseph Nkeng, directeur des Affaires Non R\u00e9pressive et du Sceau, a promis qu\u2019un cadre de dialogue et d\u2019\u00e9changes Minjustice-Gicam sera mis en place. \u201cProposition salu\u00e9e par le pr\u00e9sident du Gicam et act\u00e9e\u201d, indique-t-on au Gicam.<\/p>\n<p>En effet, souligne-t-on au groupement inter patronal du Cameroun (Gicam), la justice est un maillon essentiel du cadre des affaires. Les propositions du patronat en mati\u00e8re de r\u00e9forme de la justice concernent notamment la cr\u00e9ation de juges de la mise en \u00e9tat, l\u2019\u00e9largissement des possibilit\u00e9s de saisine du Conseil Sup\u00e9rieur de la Magistrature, la digitalisation des services, le renforcement des capacit\u00e9s des magistrats, la cr\u00e9ation et le renforcement des tribunaux de commerce, les avanc\u00e9es dans la facilitation de la r\u00e9alisation des s\u00fbret\u00e9s (institution du pacte commissoire, clause de voie par\u00e9e, \u2026), la probl\u00e9matique de la baisse du capital minimum requis pour la cr\u00e9ation d\u2019une Sarl \u00e0 5000 Fcfa, etc.<\/p>\n<p><strong>Lire aussi<\/strong> : <strong><a href=\"https:\/\/ecomatin.net\/le-gicam-et-la-giz-signent-une-convention-pour-accompagner-les-start-up-et-pme-camerounaises\/\">Le Gicam et la Giz signent une convention pour accompagner les start-up et PME camerounaises<\/a><\/strong><\/p>\n<p>De son c\u00f4t\u00e9, l\u2019on indique au Minjustice que pour l\u2019am\u00e9lioration de la qualit\u00e9 de la justice commerciale, quelques projets sont en cours. Il s\u2019agit entre autres de l\u2019informatisation du Registre de Commerce et du Cr\u00e9dit Mobilier, la sp\u00e9cialisation des juridictions en droit des affaires, la promotion de la m\u00e9diation et de l\u2019arbitrage, le renforcement des capacit\u00e9s des membres du corps judiciaire, l\u2019\u00e9laboration du code de proc\u00e9dures civiles et commerciales, etc. Cependant, Laurent Esso met un b\u00e9mol: le principe de la s\u00e9paration des pouvoirs entre l\u2019ex\u00e9cutif dont rel\u00e8ve le Minjustice et le pouvoir judiciaire. Ce qui peut expliquer la lenteur apparente dans la mise en \u0153uvre de certaines r\u00e9formes. De m\u00eame, le Minjustice pense que l\u2019exp\u00e9rience de certains projets comme celui de la cr\u00e9ation des tribunaux administratifs doit \u00eatre capitalis\u00e9e afin d\u2019\u00e9viter certains \u00e9cueils.<\/p>\n<p>Auteur: EcoMatin<br \/>\n<a href=\"https:\/\/ecomatin.net\/visite-du-minjustice-au-gicam-vent-de-division-au-sein-du-patronat\/\">Cliquez ici pour lire l&rsquo;article depuis sa source.<\/a><\/p>\n","protected":false},"excerpt":{"rendered":"<p>La d\u00e9cision du Groupement inter-patronal du Cameroun (GICAM) d\u2019annuler la conf\u00e9rence-d\u00e9bat pr\u00e9vue le vendredi 16 avril avec une d\u00e9l\u00e9gation mandat\u00e9e par le ministre Laurent Esso pour le repr\u00e9senter n\u2019a pas encore fini de livrer ses secrets. Pass\u00e9e le d\u00e9bat et la pol\u00e9mique qui ont suivi la publication de la lettre adress\u00e9e par le pr\u00e9sident du [&hellip;]<\/p>\n","protected":false},"author":1969,"featured_media":0,"comment_status":"closed","ping_status":"closed","sticky":false,"template":"","format":"standard","meta":{"fifu_image_url":"","fifu_image_alt":"","footnotes":""},"categories":[82,78],"tags":[],"class_list":["post-116077","post","type-post","status-publish","format-standard","hentry","category-cameroun","category-economie"],"_links":{"self":[{"href":"https:\/\/linitiative.ca\/International\/wp-json\/wp\/v2\/posts\/116077","targetHints":{"allow":["GET"]}}],"collection":[{"href":"https:\/\/linitiative.ca\/International\/wp-json\/wp\/v2\/posts"}],"about":[{"href":"https:\/\/linitiative.ca\/International\/wp-json\/wp\/v2\/types\/post"}],"author":[{"embeddable":true,"href":"https:\/\/linitiative.ca\/International\/wp-json\/wp\/v2\/users\/1969"}],"replies":[{"embeddable":true,"href":"https:\/\/linitiative.ca\/International\/wp-json\/wp\/v2\/comments?post=116077"}],"version-history":[{"count":0,"href":"https:\/\/linitiative.ca\/International\/wp-json\/wp\/v2\/posts\/116077\/revisions"}],"wp:attachment":[{"href":"https:\/\/linitiative.ca\/International\/wp-json\/wp\/v2\/media?parent=116077"}],"wp:term":[{"taxonomy":"category","embeddable":true,"href":"https:\/\/linitiative.ca\/International\/wp-json\/wp\/v2\/categories?post=116077"},{"taxonomy":"post_tag","embeddable":true,"href":"https:\/\/linitiative.ca\/International\/wp-json\/wp\/v2\/tags?post=116077"}],"curies":[{"name":"wp","href":"https:\/\/api.w.org\/{rel}","templated":true}]}}