{"id":116079,"date":"2021-05-03T11:40:38","date_gmt":"2021-05-03T15:40:38","guid":{"rendered":"https:\/\/linitiative.ca\/International\/lue-et-les-pays-de-loeacp-signent-un-nouvel-accord-de-partenariat\/"},"modified":"2021-05-03T11:40:38","modified_gmt":"2021-05-03T15:40:38","slug":"lue-et-les-pays-de-loeacp-signent-un-nouvel-accord-de-partenariat","status":"publish","type":"post","link":"https:\/\/linitiative.ca\/International\/lue-et-les-pays-de-loeacp-signent-un-nouvel-accord-de-partenariat\/","title":{"rendered":"L\u2019UE et les pays de l\u2019Oeacp signent un nouvel accord de partenariat"},"content":{"rendered":"<p>Les Etats membres de l\u2019Organisation des Etats de l\u2019Afrique, Cara\u00efbes et du Pacifique (Oeacp) et l\u2019Union europ\u00e9enne (UE) sont d\u00e9sormais li\u00e9s par un nouvel accord de partenariat. Le 15 avril 2021, La commissaire aux partenariats internationaux, Jutta Urpilainen, et le ministre togolais des affaires \u00e9trang\u00e8res, Robert Dussey, les n\u00e9gociateurs en chef ont paraph\u00e9 l\u2019accord Post-Cotonou fixant le cadre de coop\u00e9ration politique, \u00e9conomique et sectorielle pour les vingt prochaines ann\u00e9es. Son entr\u00e9e en vigueur sera effective une fois que les deux parties auront achev\u00e9 leurs proc\u00e9dures internes relatives \u00e0 la signature et \u00e0 la conclusion.<\/p>\n<p><strong>Lire aussi<\/strong> : <strong><a href=\"https:\/\/ecomatin.net\/assemblee-nationale-9-projets-de-loi-sur-la-table-des-deputes\/\">Assembl\u00e9e nationale: 9 Projets de loi sur la table des d\u00e9put\u00e9s<\/a><\/strong><\/p>\n<p>L\u2019accord Post-Cotonou vient succ\u00e9der \u00e0 l\u2019accord de Cotonou sign\u00e9 en l\u2019an 2000, qui devait s\u2019achever le 29 f\u00e9vrier 2020, mais qui a \u00e9t\u00e9 prorog\u00e9 jusqu\u2019au 30 novembre 2021. \u00abLe nouvel accord incarne les ambitions des deux parties de renouveler les modalit\u00e9s de leur coop\u00e9ration et de repositionner leur partenariat pour l\u2019axer sur de nouveaux objectifs dans un monde qui a profond\u00e9ment chang\u00e9 et est en constante mutation [\u2026] Le nouvel accord prend en consid\u00e9ration les pr\u00e9occupations et les attentes des \u00c9tats de l\u2019OEACP et constitue une base solide pour un futur renforcement des liens d\u00e9j\u00e0 \u00e9troits mis en place avec l\u2019UE\u2026\u00bb, a indiqu\u00e9 le ministre togolais des affaires \u00e9trang\u00e8res, Robert Dussey.<\/p>\n<p>Pour ce nouvel accord six domaines sont concern\u00e9s : les droits de l\u2019homme, la d\u00e9mocratie et la gouvernance au sein de soci\u00e9t\u00e9s ax\u00e9es sur les personnes et fond\u00e9es sur les droits, la paix et la s\u00e9curit\u00e9, le d\u00e9veloppement humain et social, la viabilit\u00e9 environnementale et le changement climatique, la croissance et le d\u00e9veloppement \u00e9conomiques durables et inclusifs, et la migration et la mobilit\u00e9.<\/p>\n<p><strong>Lire aussi<\/strong> : <strong><a href=\"https:\/\/ecomatin.net\/la-banane-camerounaise-a-lepreuve-des-ape\/\">La banane camerounaise \u00e0 l\u2019\u00e9preuve des APE<\/a><\/strong><\/p>\n<p>Les avantages globaux offerts par celui-ci sont entre autres un partenariat politique plus moderne, qui mettra davantage l\u2019accent sur la coop\u00e9ration dans les enceintes internationales et sur l\u2019\u00e9tablissement d\u2019alliances sur la sc\u00e8ne mondiale ; des solutions mondiales pour des d\u00e9fis \u00e0 l\u2019\u00e9chelle de la plan\u00e8te ; une attention particuli\u00e8re accord\u00e9e \u00e0 la croissance durable et inclusive et \u00e0 la cr\u00e9ation d\u2019emplois. Pour le cas sp\u00e9cifique de l\u2019Afrique, les axes prioritaires sont : la croissance \u00e9conomique et le d\u00e9veloppement inclusifs et durables ; le d\u00e9veloppement humain et social ; la gestion de l\u2019environnement et des ressources naturelles ; la paix et la s\u00e9curit\u00e9 ; les droits de l\u2019homme, la d\u00e9mocratie et la gouvernance, en particulier l\u2019\u00e9galit\u00e9 entre les hommes et les femmes, l\u2019\u00e9tat de droit, la justice et la gouvernance financi\u00e8re et la migration et la mobilit\u00e9.<\/p>\n<p><strong>Lire aussi<\/strong> : <strong><a href=\"https:\/\/ecomatin.net\/php-veut-acquerir-du-materiel-dirrigation-pour-ses-plantations-de-nyombe\/\">PHP veut acqu\u00e9rir du mat\u00e9riel d\u2019irrigation pour ses plantations de Nyombe<\/a><\/strong><\/p>\n<p>En termes de financement, la commission europ\u00e9enne fait savoir que \u00ab dans le cadre financier pluriannuel (CFP) propos\u00e9 pour la p\u00e9riode 2021-2027, la coop\u00e9ration avec les Etats ACP sera financ\u00e9e sur le budget de l\u2019UE par l\u2019instrument de voisinage, de coop\u00e9ration au d\u00e9veloppement et de coop\u00e9ration internationale (Ivcdci) propos\u00e9 \u00bb.<\/p>\n<p>Pour rappel, c\u2019est en avril 2020 que, le groupe des \u00c9tats ACP est devenu l\u2019Organisation des \u00c9tats d\u2019Afrique, des Cara\u00efbes et du Pacifique (Oeacp), une organisation internationale comptant 79 membres, \u00e0 la suite de l\u2019entr\u00e9e en vigueur de la version r\u00e9vis\u00e9e de l\u2019accord de Georgetown.<\/p>\n<p><strong>Lire aussi<\/strong> : <strong><a href=\"https:\/\/ecomatin.net\/transfert-dargent-a-letranger-comment-western-union-et-money-gram-monopolisent-le-marche\/\">Transfert d\u2019argent \u00e0 l\u2019\u00e9tranger: comment Western Union et Money Gram monopolisent le march\u00e9<\/a><\/strong><\/p>\n<p>Auteur: Cindy MBALA<br \/>\n<a href=\"https:\/\/ecomatin.net\/lue-et-les-pays-de-loeacp-signent-un-nouvel-accord-de-partenariat\/\">Cliquez ici pour lire l&rsquo;article depuis sa source.<\/a><\/p>\n","protected":false},"excerpt":{"rendered":"<p>Les Etats membres de l\u2019Organisation des Etats de l\u2019Afrique, Cara\u00efbes et du Pacifique (Oeacp) et l\u2019Union europ\u00e9enne (UE) sont d\u00e9sormais li\u00e9s par un nouvel accord de partenariat. Le 15 avril 2021, La commissaire aux partenariats internationaux, Jutta Urpilainen, et le ministre togolais des affaires \u00e9trang\u00e8res, Robert Dussey, les n\u00e9gociateurs en chef ont paraph\u00e9 l\u2019accord Post-Cotonou [&hellip;]<\/p>\n","protected":false},"author":1969,"featured_media":0,"comment_status":"closed","ping_status":"closed","sticky":false,"template":"","format":"standard","meta":{"fifu_image_url":"","fifu_image_alt":"","footnotes":""},"categories":[82,78],"tags":[],"class_list":["post-116079","post","type-post","status-publish","format-standard","hentry","category-cameroun","category-economie"],"_links":{"self":[{"href":"https:\/\/linitiative.ca\/International\/wp-json\/wp\/v2\/posts\/116079","targetHints":{"allow":["GET"]}}],"collection":[{"href":"https:\/\/linitiative.ca\/International\/wp-json\/wp\/v2\/posts"}],"about":[{"href":"https:\/\/linitiative.ca\/International\/wp-json\/wp\/v2\/types\/post"}],"author":[{"embeddable":true,"href":"https:\/\/linitiative.ca\/International\/wp-json\/wp\/v2\/users\/1969"}],"replies":[{"embeddable":true,"href":"https:\/\/linitiative.ca\/International\/wp-json\/wp\/v2\/comments?post=116079"}],"version-history":[{"count":0,"href":"https:\/\/linitiative.ca\/International\/wp-json\/wp\/v2\/posts\/116079\/revisions"}],"wp:attachment":[{"href":"https:\/\/linitiative.ca\/International\/wp-json\/wp\/v2\/media?parent=116079"}],"wp:term":[{"taxonomy":"category","embeddable":true,"href":"https:\/\/linitiative.ca\/International\/wp-json\/wp\/v2\/categories?post=116079"},{"taxonomy":"post_tag","embeddable":true,"href":"https:\/\/linitiative.ca\/International\/wp-json\/wp\/v2\/tags?post=116079"}],"curies":[{"name":"wp","href":"https:\/\/api.w.org\/{rel}","templated":true}]}}