{"id":116084,"date":"2021-05-04T07:00:42","date_gmt":"2021-05-04T11:00:42","guid":{"rendered":"https:\/\/linitiative.ca\/International\/coronavirus-les-etats-unis-vont-autoriser-le-vaccin-pfizer-a-partir-de-lage-de-12-ans\/"},"modified":"2021-05-04T07:00:42","modified_gmt":"2021-05-04T11:00:42","slug":"coronavirus-les-etats-unis-vont-autoriser-le-vaccin-pfizer-a-partir-de-lage-de-12-ans","status":"publish","type":"post","link":"https:\/\/linitiative.ca\/International\/coronavirus-les-etats-unis-vont-autoriser-le-vaccin-pfizer-a-partir-de-lage-de-12-ans\/","title":{"rendered":"Coronavirus : les Etats-Unis vont autoriser le vaccin Pfizer \u00e0 partir de l\u2019\u00e2ge de 12 ans"},"content":{"rendered":"<p><strong>Les Etats-Unis devraient autoriser le vaccin de Pfizer-BioNTech contre le coronavirus pour les enfants \u00e2g\u00e9s de 12 ans et plus \u00e0 partir de la semaine prochaine, rapporte CNN.<\/strong><\/p>\n<div class=\"c10\">\n<\/div>\n<p>Pfizer a demand\u00e9 une autorisation d\u2019utilisation d\u2019urgence pour son vaccin, \u00e0 destination des enfants et adolescents \u00e2g\u00e9s de 12 \u00e0 15 ans, selon la cha\u00eene CNN citant un responsable gouvernemental. \u00ab\u00a0L\u2019Agence am\u00e9ricaine des produits alimentaires et m\u00e9dicamenteux (Food and drug administration, FDA) devra modifier sa r\u00e9glementation sur l\u2019autorisation d\u2019utilisation d\u2019urgence du vaccin, mais le processus devrait \u00eatre simple\u00a0\u00bb, souligne CNN.<\/p>\n<p>Le vaccin Pfizer est actuellement autoris\u00e9 pour les personnes \u00e2g\u00e9es de 16 ans et plus aux Etats-Unis. L\u2019extension de la vaccination aux adolescents pourrait ouvrir la campagne de vaccination am\u00e9ricaine \u00e0 des millions de personnes suppl\u00e9mentaires.<\/p>\n<p><strong>Lire aussi |<\/strong> <a href=\"https:\/\/www.challenge.ma\/lue-etudie-la-permission-dentree-aux-voyageurs-vaccines-183439\/\"><strong>L\u2019UE \u00e9tudie la permission d\u2019entr\u00e9e aux voyageurs vaccin\u00e9s<\/strong><\/a><\/p>\n<p>L\u2019extension de la vaccination aux adolescents pourrait ouvrir la campagne de vaccination am\u00e9ricaine \u00e0 des millions de personnes suppl\u00e9mentaires. Selon les donn\u00e9es officielles, le taux de vaccination a atteint son pic autour du 11\u00a0avril outre-Atlantique, et bien que 55\u00a0% des adultes aient d\u00e9sormais re\u00e7u une ou plusieurs doses, le chemin \u00e0 parcourir pour atteindre l\u2019immunit\u00e9 collective est encore long.<\/p>\n<p>Un nouveau d\u00e9fi se pose aujourd\u2019hui\u00a0: vacciner l\u2019autre moiti\u00e9, qui h\u00e9site encore. Parmi les \u00e9lecteurs r\u00e9publicains, 29\u00a0% d\u00e9clarent qu\u2019ils ne se feront jamais vacciner, contre 5\u00a0% des d\u00e9mocrates et 9\u00a0% des ind\u00e9pendants, selon une enqu\u00eate r\u00e9cente de la\u00a0<a rel=\"noreferrer noopener\" href=\"https:\/\/www.kff.org\/\" target=\"_blank\">Kaiser Family Foundation<\/a>.<\/p>\n<p><strong>Lire aussi |<\/strong> <a href=\"https:\/\/www.challenge.ma\/younes-el-himdy-dg-de-disty-technologies-avec-la-crise-sanitaire-lanticipation-est-devenue-necessaire-pour-ne-pas-se-faire-surprendre-183437\/\"><strong>Youness El Himdy, DG de Disty Technologies : \u00abavec la crise sanitaire, l\u2019anticipation est devenue n\u00e9cessaire pour ne pas se faire surprendre\u00bb<\/strong><\/a><\/p>\n<p>Avec AFP<\/p>\n<p>Auteur: challenge<br \/>\n<a href=\"https:\/\/www.challenge.ma\/coronavirus-les-etats-unis-vont-autoriser-le-vaccin-pfizer-a-partir-de-lage-de-12-ans-183496\/\">Cliquez ici pour lire l&rsquo;article depuis sa source.<\/a><\/p>\n","protected":false},"excerpt":{"rendered":"<p>Les Etats-Unis devraient autoriser le vaccin de Pfizer-BioNTech contre le coronavirus pour les enfants \u00e2g\u00e9s de 12 ans et plus \u00e0 partir de la semaine prochaine, rapporte CNN. Pfizer a demand\u00e9 une autorisation d\u2019utilisation d\u2019urgence pour son vaccin, \u00e0 destination des enfants et adolescents \u00e2g\u00e9s de 12 \u00e0 15 ans, selon la cha\u00eene CNN citant [&hellip;]<\/p>\n","protected":false},"author":1787,"featured_media":0,"comment_status":"closed","ping_status":"closed","sticky":false,"template":"","format":"standard","meta":{"fifu_image_url":"","fifu_image_alt":"","footnotes":""},"categories":[78,54],"tags":[],"class_list":["post-116084","post","type-post","status-publish","format-standard","hentry","category-economie","category-maroc"],"_links":{"self":[{"href":"https:\/\/linitiative.ca\/International\/wp-json\/wp\/v2\/posts\/116084","targetHints":{"allow":["GET"]}}],"collection":[{"href":"https:\/\/linitiative.ca\/International\/wp-json\/wp\/v2\/posts"}],"about":[{"href":"https:\/\/linitiative.ca\/International\/wp-json\/wp\/v2\/types\/post"}],"author":[{"embeddable":true,"href":"https:\/\/linitiative.ca\/International\/wp-json\/wp\/v2\/users\/1787"}],"replies":[{"embeddable":true,"href":"https:\/\/linitiative.ca\/International\/wp-json\/wp\/v2\/comments?post=116084"}],"version-history":[{"count":0,"href":"https:\/\/linitiative.ca\/International\/wp-json\/wp\/v2\/posts\/116084\/revisions"}],"wp:attachment":[{"href":"https:\/\/linitiative.ca\/International\/wp-json\/wp\/v2\/media?parent=116084"}],"wp:term":[{"taxonomy":"category","embeddable":true,"href":"https:\/\/linitiative.ca\/International\/wp-json\/wp\/v2\/categories?post=116084"},{"taxonomy":"post_tag","embeddable":true,"href":"https:\/\/linitiative.ca\/International\/wp-json\/wp\/v2\/tags?post=116084"}],"curies":[{"name":"wp","href":"https:\/\/api.w.org\/{rel}","templated":true}]}}