{"id":116086,"date":"2021-05-03T18:12:00","date_gmt":"2021-05-03T22:12:00","guid":{"rendered":"https:\/\/linitiative.ca\/International\/hommage-a-bechir-ben-yahmed-la-liberte-de-la-presse-en-deuil\/"},"modified":"2021-05-03T18:12:00","modified_gmt":"2021-05-03T22:12:00","slug":"hommage-a-bechir-ben-yahmed-la-liberte-de-la-presse-en-deuil","status":"publish","type":"post","link":"https:\/\/linitiative.ca\/International\/hommage-a-bechir-ben-yahmed-la-liberte-de-la-presse-en-deuil\/","title":{"rendered":"Hommage \u00e0 B\u00e9chir Ben Yahmed : La libert\u00e9 de la presse en deuil !"},"content":{"rendered":"<p><span class=\"c2\"><em>Par Hatem Kotrane. Professeur en droit &#8211;<\/em><\/span> B\u00e9chir Ben Yahmed n\u2019est plus! La Presse tunisienne, africaine et internationale est en deuil ! Rarement un deuil n\u2019aura fait d\u2019une disparition un lieu de m\u00e9moire si id\u00e9alement pacifi\u00e9 puisque c\u2019est ce jour m\u00eame du 3 mai, journ\u00e9e de la libert\u00e9 de la presse, que la faucheuse a choisi pour mettre fin \u00e0 l\u2019\u0153uvre d\u2019un homme qui a lutt\u00e9, sa vie durant, pour rappeler aux gouvernements un message, la n\u00e9cessit\u00e9 de respecter leur engagement en faveur des droits de l\u2019homme et des libert\u00e9s, dont la libert\u00e9 de la presse constitue un pilier fondamental en m\u00eame temps qu\u2019une \u00e9thique professionnelle\u00a0 pour les professionnels des m\u00e9dias.<\/p>\n<p>Puisse la disparition de B\u00e9chir Ben Yahmed servir aussi de soutien aux m\u00e9dias qui sont des cibles pour la restriction de la libert\u00e9 de la presse et comme journ\u00e9e de comm\u00e9moration pour les journalistes qui ont perdu la vie dans ll&rsquo;exercice de leur profession !<\/p>\n<p class=\"c3\"><strong>Hatem Kotrane<\/strong><\/p>\n<p class=\"c4\"><strong>Lire aussi<\/strong><\/p>\n<p class=\"c4\"><a href=\"https:\/\/www.leaders.com.tn\/article\/31816-bechir-ben-yahmed-s-est-eteint-son-encre-ne-sechera-pas\" target=\"_blank\" rel=\"noopener\">B\u00e9chir Ben Yahmed s\u2019est \u00e9teint&#8230; son encre ne s\u00e8chera pas<\/a><br \/>\u00a0<\/p>\n<p>Auteur:<br \/>\n<a href=\"https:\/\/www.leaders.com.tn\/article\/31821-hommage-a-bechir-ben-yahmed-la-liberte-de-la-presse-en-deuil\">Cliquez ici pour lire l&rsquo;article depuis sa source.<\/a><\/p>\n","protected":false},"excerpt":{"rendered":"<p>Par Hatem Kotrane. Professeur en droit &#8211; B\u00e9chir Ben Yahmed n\u2019est plus! La Presse tunisienne, africaine et internationale est en deuil ! Rarement un deuil n\u2019aura fait d\u2019une disparition un lieu de m\u00e9moire si id\u00e9alement pacifi\u00e9 puisque c\u2019est ce jour m\u00eame du 3 mai, journ\u00e9e de la libert\u00e9 de la presse, que la faucheuse a [&hellip;]<\/p>\n","protected":false},"author":1772,"featured_media":0,"comment_status":"closed","ping_status":"closed","sticky":false,"template":"","format":"standard","meta":{"fifu_image_url":"","fifu_image_alt":"","footnotes":""},"categories":[73,55],"tags":[],"class_list":["post-116086","post","type-post","status-publish","format-standard","hentry","category-actualite","category-tunisie"],"_links":{"self":[{"href":"https:\/\/linitiative.ca\/International\/wp-json\/wp\/v2\/posts\/116086","targetHints":{"allow":["GET"]}}],"collection":[{"href":"https:\/\/linitiative.ca\/International\/wp-json\/wp\/v2\/posts"}],"about":[{"href":"https:\/\/linitiative.ca\/International\/wp-json\/wp\/v2\/types\/post"}],"author":[{"embeddable":true,"href":"https:\/\/linitiative.ca\/International\/wp-json\/wp\/v2\/users\/1772"}],"replies":[{"embeddable":true,"href":"https:\/\/linitiative.ca\/International\/wp-json\/wp\/v2\/comments?post=116086"}],"version-history":[{"count":0,"href":"https:\/\/linitiative.ca\/International\/wp-json\/wp\/v2\/posts\/116086\/revisions"}],"wp:attachment":[{"href":"https:\/\/linitiative.ca\/International\/wp-json\/wp\/v2\/media?parent=116086"}],"wp:term":[{"taxonomy":"category","embeddable":true,"href":"https:\/\/linitiative.ca\/International\/wp-json\/wp\/v2\/categories?post=116086"},{"taxonomy":"post_tag","embeddable":true,"href":"https:\/\/linitiative.ca\/International\/wp-json\/wp\/v2\/tags?post=116086"}],"curies":[{"name":"wp","href":"https:\/\/api.w.org\/{rel}","templated":true}]}}