{"id":116087,"date":"2021-05-03T16:07:55","date_gmt":"2021-05-03T20:07:55","guid":{"rendered":"https:\/\/linitiative.ca\/International\/covid-19-56-nouveaux-cas-et-209-guerisons-en-24-h\/"},"modified":"2021-05-03T16:07:55","modified_gmt":"2021-05-03T20:07:55","slug":"covid-19-56-nouveaux-cas-et-209-guerisons-en-24-h","status":"publish","type":"post","link":"https:\/\/linitiative.ca\/International\/covid-19-56-nouveaux-cas-et-209-guerisons-en-24-h\/","title":{"rendered":"Covid-19: 56 nouveaux cas et 209 gu\u00e9risons en 24 H"},"content":{"rendered":"<div readability=\"34\">\n<p>Un total de 56 nouveaux cas d\u2019infection au coronavirus et de 209 gu\u00e9risons a \u00e9t\u00e9 enregistr\u00e9 au Maroc au cours des derni\u00e8res 24 heures, a annonc\u00e9 lundi le minist\u00e8re de la Sant\u00e9.<\/p>\n<\/div>\n<div readability=\"68\">\n<p>Le nombre des personnes vaccin\u00e9es \u00e0 ce jour (1\u00e8re dose) a atteint 5.107.128, indique le minist\u00e8re dans son bulletin quotidien sur la situation de la Covid-19, relevant que les personnes qui ont \u00e9t\u00e9 compl\u00e8tement vaccin\u00e9es (1\u00e8re et 2\u00e8me doses) sont au nombre de 4.282.269.<\/p>\n<p>Ce nouveau bilan porte \u00e0 511.912 le nombre total des contaminations depuis le premier cas signal\u00e9 en mars 2020, tandis que le nombre des personnes r\u00e9tablies est pass\u00e9 \u00e0 498.624, soit un taux de gu\u00e9rison de 97,4%, pr\u00e9cise le minist\u00e8re.<\/p>\n<p>Quant au nombre total des d\u00e9c\u00e8s, il est pass\u00e9 \u00e0 9.032 avec 4 nouveaux cas recens\u00e9s en 24 heures, soit un taux de l\u00e9talit\u00e9 de 1,8%. Ces d\u00e9c\u00e8s ont \u00e9t\u00e9 enregistr\u00e9s dans les r\u00e9gions de Casablanca-Settat (2), l\u2019Oriental (1) et Marrakech-Safi (1).<\/p>\n<p>Les nouvelles contaminations ont \u00e9t\u00e9 enregistr\u00e9es dans les r\u00e9gions de Casablanca-Settat (21), La\u00e2youne-Sakia El Hamra (11), Rabat-Sal\u00e9-K\u00e9nitra (8), Souss-Massa (5), l\u2019Oriental (4), Tanger-T\u00e9touan-Al Hoceima (3), Marrakech-Safi (2), B\u00e9ni Mellal-Kh\u00e9nifra (1) et F\u00e8s-Mekn\u00e8s (1).<\/p>\n<p>Le nombre des cas actifs s\u2019\u00e9l\u00e8ve \u00e0 4.256, tandis que les cas s\u00e9v\u00e8res ou critiques sont au nombre de 302, dont 20 plac\u00e9s sous intubation.<\/p>\n<\/div>\n<p>Auteur: Meriem IGASS<br \/>\n<a href=\"http:\/\/www.mapmarrakech.ma\/fr\/covid-19-56-nouveaux-cas-et-209-guerisons-en-24-h\/\">Cliquez ici pour lire l&rsquo;article depuis sa source.<\/a><\/p>\n","protected":false},"excerpt":{"rendered":"<p>Un total de 56 nouveaux cas d\u2019infection au coronavirus et de 209 gu\u00e9risons a \u00e9t\u00e9 enregistr\u00e9 au Maroc au cours des derni\u00e8res 24 heures, a annonc\u00e9 lundi le minist\u00e8re de la Sant\u00e9. Le nombre des personnes vaccin\u00e9es \u00e0 ce jour (1\u00e8re dose) a atteint 5.107.128, indique le minist\u00e8re dans son bulletin quotidien sur la situation [&hellip;]<\/p>\n","protected":false},"author":1788,"featured_media":0,"comment_status":"closed","ping_status":"closed","sticky":false,"template":"","format":"standard","meta":{"fifu_image_url":"","fifu_image_alt":"","footnotes":""},"categories":[54,76],"tags":[],"class_list":["post-116087","post","type-post","status-publish","format-standard","hentry","category-maroc","category-regions"],"_links":{"self":[{"href":"https:\/\/linitiative.ca\/International\/wp-json\/wp\/v2\/posts\/116087","targetHints":{"allow":["GET"]}}],"collection":[{"href":"https:\/\/linitiative.ca\/International\/wp-json\/wp\/v2\/posts"}],"about":[{"href":"https:\/\/linitiative.ca\/International\/wp-json\/wp\/v2\/types\/post"}],"author":[{"embeddable":true,"href":"https:\/\/linitiative.ca\/International\/wp-json\/wp\/v2\/users\/1788"}],"replies":[{"embeddable":true,"href":"https:\/\/linitiative.ca\/International\/wp-json\/wp\/v2\/comments?post=116087"}],"version-history":[{"count":0,"href":"https:\/\/linitiative.ca\/International\/wp-json\/wp\/v2\/posts\/116087\/revisions"}],"wp:attachment":[{"href":"https:\/\/linitiative.ca\/International\/wp-json\/wp\/v2\/media?parent=116087"}],"wp:term":[{"taxonomy":"category","embeddable":true,"href":"https:\/\/linitiative.ca\/International\/wp-json\/wp\/v2\/categories?post=116087"},{"taxonomy":"post_tag","embeddable":true,"href":"https:\/\/linitiative.ca\/International\/wp-json\/wp\/v2\/tags?post=116087"}],"curies":[{"name":"wp","href":"https:\/\/api.w.org\/{rel}","templated":true}]}}