{"id":116088,"date":"2021-05-04T05:36:55","date_gmt":"2021-05-04T09:36:55","guid":{"rendered":"https:\/\/linitiative.ca\/International\/ben-alaya-la-tunisie-est-dans-une-situation-grave-qui-necessite-un-niveau-dalerte-eleve\/"},"modified":"2021-05-04T05:36:55","modified_gmt":"2021-05-04T09:36:55","slug":"ben-alaya-la-tunisie-est-dans-une-situation-grave-qui-necessite-un-niveau-dalerte-eleve","status":"publish","type":"post","link":"https:\/\/linitiative.ca\/International\/ben-alaya-la-tunisie-est-dans-une-situation-grave-qui-necessite-un-niveau-dalerte-eleve\/","title":{"rendered":"Ben Alaya: \u00ab\u00a0La Tunisie est dans une situation grave qui n\u00e9cessite un niveau d\u2019alerte \u00e9lev\u00e9\u00a0\u00bb"},"content":{"rendered":"<div class=\"field field-name-body field-type-text-with-summary field-label-hidden field-items field-item even\">\n<p>Dans une d\u00e9claration ce mardi 4 mai 2021 sur Shems FM, la directrice de l\u2019Observatoire national des maladies nouvelles et \u00e9mergentes et porte-parole du minist\u00e8re de la Sant\u00e9, Nissaf Ben Alaya, estime que le pays est dans une situation tr\u00e8s grave\u00a0qui n\u00e9cessite un niveau \u00e9lev\u00e9 d\u2019alerte.<\/p>\n<p>\u00ab\u00a0Le taux de cas positifs est situ\u00e9 entre 25% et 30% en Tunisie, ce qui est \u00e9norme, tandis que le taux de contagion reste tr\u00e8s \u00e9lev\u00e9, c\u2019est le cas \u00e9galement pour le nombre de morts\u00a0\u00bb, lance-t-elle.<\/p>\n<p>Concernant la pr\u00e9sence des variants en Tunisie, Ben Alaya estime que c\u2019est le variant britannique qui prend le dessus sur les autres qui n\u2019ont pour l\u2019instant pas \u00e9t\u00e9 observ\u00e9s dans nos murs.<\/p>\n<p>\u00ab\u00a0La troisi\u00e8me vague que nous connaissons est li\u00e9e au variant britannique et sa dangerosit\u00e9 exige un effort commun et une responsabilit\u00e9 commune\u00a0\u00bb, ajoute-t-elle. Pour Nissaf, il n\u2019y a pas de recette miracle, il s\u2019agit juste de respecter les mesures sanitaires. Et pour l\u2019aid, cette ann\u00e9e nous serons, comme l\u2019ann\u00e9e derni\u00e8re dans un contexte exceptionnel qui exigera des mesures exceptionnelles\u00a0\u00bb.<\/p>\n<\/div>\n<div class=\"view view-frontpage view-id-frontpage view-display-id-block_related view-dom-id-bbb5f23a3d9a17a055bf66b80942ca22 view-content list-group\"><strong>espacemanager<\/strong><\/div>\n<div class=\"wp-post-author-wrap wp-post-author-shortcode left\">\n<h3 class=\"awpa-title\"\/>\n<div class=\"wp-post-author\">\n<div class=\"awpa-img awpa-author-block square\"><a href=\"http:\/\/lexpertjournal.net\/fr\/?author=5\"><img loading=\"lazy\" decoding=\"async\" alt=\"\" src=\"http:\/\/0.gravatar.com\/avatar\/97f8e10a1c1125ba104a76514ee07b16?s=150&amp;d=mm&amp;r=g\" srcset=\"http:\/\/0.gravatar.com\/avatar\/97f8e10a1c1125ba104a76514ee07b16?s=300&amp;d=mm&amp;r=g 2x\" class=\"avatar avatar-150 photo\" height=\"150\" width=\"150\"\/><\/a><\/div>\n<\/div>\n<\/div>\n<aside class=\"mashsb-container mashsb-main mashsb-stretched\">\n<\/aside>\n<p>Auteur: L&rsquo;expert<br \/>\n<a href=\"http:\/\/lexpertjournal.net\/fr\/?p=19962\">Cliquez ici pour lire l&rsquo;article depuis sa source.<\/a><\/p>\n","protected":false},"excerpt":{"rendered":"<p>Dans une d\u00e9claration ce mardi 4 mai 2021 sur Shems FM, la directrice de l\u2019Observatoire national des maladies nouvelles et \u00e9mergentes et porte-parole du minist\u00e8re de la Sant\u00e9, Nissaf Ben Alaya, estime que le pays est dans une situation tr\u00e8s grave\u00a0qui n\u00e9cessite un niveau \u00e9lev\u00e9 d\u2019alerte. \u00ab\u00a0Le taux de cas positifs est situ\u00e9 entre 25% [&hellip;]<\/p>\n","protected":false},"author":1775,"featured_media":0,"comment_status":"closed","ping_status":"closed","sticky":false,"template":"","format":"standard","meta":{"fifu_image_url":"http:\/\/0.gravatar.com\/avatar\/97f8e10a1c1125ba104a76514ee07b16?s=150&d=mm&r=g","fifu_image_alt":"Ben Alaya: \u00ab\u00a0La Tunisie est dans une situation grave qui n\u00e9cessite un niveau d\u2019alerte \u00e9lev\u00e9\u00a0\u00bb","footnotes":""},"categories":[78,55],"tags":[],"class_list":["post-116088","post","type-post","status-publish","format-standard","hentry","category-economie","category-tunisie"],"_links":{"self":[{"href":"https:\/\/linitiative.ca\/International\/wp-json\/wp\/v2\/posts\/116088","targetHints":{"allow":["GET"]}}],"collection":[{"href":"https:\/\/linitiative.ca\/International\/wp-json\/wp\/v2\/posts"}],"about":[{"href":"https:\/\/linitiative.ca\/International\/wp-json\/wp\/v2\/types\/post"}],"author":[{"embeddable":true,"href":"https:\/\/linitiative.ca\/International\/wp-json\/wp\/v2\/users\/1775"}],"replies":[{"embeddable":true,"href":"https:\/\/linitiative.ca\/International\/wp-json\/wp\/v2\/comments?post=116088"}],"version-history":[{"count":0,"href":"https:\/\/linitiative.ca\/International\/wp-json\/wp\/v2\/posts\/116088\/revisions"}],"wp:attachment":[{"href":"https:\/\/linitiative.ca\/International\/wp-json\/wp\/v2\/media?parent=116088"}],"wp:term":[{"taxonomy":"category","embeddable":true,"href":"https:\/\/linitiative.ca\/International\/wp-json\/wp\/v2\/categories?post=116088"},{"taxonomy":"post_tag","embeddable":true,"href":"https:\/\/linitiative.ca\/International\/wp-json\/wp\/v2\/tags?post=116088"}],"curies":[{"name":"wp","href":"https:\/\/api.w.org\/{rel}","templated":true}]}}