{"id":116092,"date":"2021-05-04T05:43:03","date_gmt":"2021-05-04T09:43:03","guid":{"rendered":"https:\/\/linitiative.ca\/International\/abir-moussi-se-rend-a-larp-vetue-dun-gilet-pare-balles\/"},"modified":"2021-05-04T05:43:03","modified_gmt":"2021-05-04T09:43:03","slug":"abir-moussi-se-rend-a-larp-vetue-dun-gilet-pare-balles","status":"publish","type":"post","link":"https:\/\/linitiative.ca\/International\/abir-moussi-se-rend-a-larp-vetue-dun-gilet-pare-balles\/","title":{"rendered":"Abir Moussi se rend \u00e0 l\u2019ARP v\u00eatue d\u2019un gilet pare-balles !"},"content":{"rendered":"<div class=\"td-post-content\">\n<h2>La d\u00e9put\u00e9e et pr\u00e9sidente du parti PDL, Abir Moussi annonce qu\u2019elle comptait assister \u00e0 la pl\u00e9ni\u00e8re de l\u2019<a href=\"http:\/\/www.leconomistemaghrebin.com\/2021\/05\/04\/larp-se-dote-dun-centre-de-formation-en-audiovisuel\/\" target=\"_blank\" rel=\"noopener noreferrer\">ARP<\/a>, pr\u00e9vue pour la m\u00eame date, v\u00eatue d\u2019un gilet pare-balles ! C\u2019est ce qui ressort aujourd\u2019hui 04 mai 2021, d\u2019une vid\u00e9o diffus\u00e9e sur\u00a0<a href=\"https:\/\/www.facebook.com\/AbirMoussiOfficielle\/\" target=\"_blank\" rel=\"noopener noreferrer\">sa page Facebook<\/a>.<\/h2>\n<p>Au cours de la m\u00eame d\u00e9claration, Abir Moussi rappelle que\u00a0\u00bb le chef du gouvernement, Hichem Mechichi, l\u2019a priv\u00e9e de sa garde personnelle\u00a0\u00bb. Elle estime ainsi que ces agissements r\u00e9sultent de l\u2019intention de Hichem Mechichi de mettre fin \u00e0 son mandat par tous les moyens.<\/p>\n<p>Par ailleurs, la d\u00e9put\u00e9e explique qu\u2019elle portera un gilet pare-balles ! Et ce, afin d\u2019assurer sa s\u00e9curit\u00e9 durant l\u2019exercice de ses fonctions.<\/p>\n<\/div>\n<footer>\n<div class=\"td-post-source-tags\">\n<ul class=\"td-tags td-post-small-box clearfix\">\n<li><strong>leconomistemaghrebin<\/strong><\/li>\n<\/ul>\n<\/div>\n<\/footer>\n<div class=\"wp-post-author-wrap wp-post-author-shortcode left\">\n<h3 class=\"awpa-title\"\/>\n<div class=\"wp-post-author\">\n<div class=\"awpa-img awpa-author-block square\"><a href=\"http:\/\/lexpertjournal.net\/fr\/?author=5\"><img loading=\"lazy\" decoding=\"async\" alt=\"\" src=\"http:\/\/0.gravatar.com\/avatar\/97f8e10a1c1125ba104a76514ee07b16?s=150&amp;d=mm&amp;r=g\" srcset=\"http:\/\/0.gravatar.com\/avatar\/97f8e10a1c1125ba104a76514ee07b16?s=300&amp;d=mm&amp;r=g 2x\" class=\"avatar avatar-150 photo\" height=\"150\" width=\"150\"\/><\/a><\/div>\n<\/div>\n<\/div>\n<aside class=\"mashsb-container mashsb-main mashsb-stretched\">\n<\/aside>\n<p>Auteur: L&rsquo;expert<br \/>\n<a href=\"http:\/\/lexpertjournal.net\/fr\/?p=19965\">Cliquez ici pour lire l&rsquo;article depuis sa source.<\/a><\/p>\n","protected":false},"excerpt":{"rendered":"<p>La d\u00e9put\u00e9e et pr\u00e9sidente du parti PDL, Abir Moussi annonce qu\u2019elle comptait assister \u00e0 la pl\u00e9ni\u00e8re de l\u2019ARP, pr\u00e9vue pour la m\u00eame date, v\u00eatue d\u2019un gilet pare-balles ! C\u2019est ce qui ressort aujourd\u2019hui 04 mai 2021, d\u2019une vid\u00e9o diffus\u00e9e sur\u00a0sa page Facebook. Au cours de la m\u00eame d\u00e9claration, Abir Moussi rappelle que\u00a0\u00bb le chef du [&hellip;]<\/p>\n","protected":false},"author":1775,"featured_media":0,"comment_status":"closed","ping_status":"closed","sticky":false,"template":"","format":"standard","meta":{"fifu_image_url":"http:\/\/0.gravatar.com\/avatar\/97f8e10a1c1125ba104a76514ee07b16?s=150&d=mm&r=g","fifu_image_alt":"Abir Moussi se rend \u00e0 l\u2019ARP v\u00eatue d\u2019un gilet pare-balles !","footnotes":""},"categories":[78,55],"tags":[],"class_list":["post-116092","post","type-post","status-publish","format-standard","hentry","category-economie","category-tunisie"],"_links":{"self":[{"href":"https:\/\/linitiative.ca\/International\/wp-json\/wp\/v2\/posts\/116092","targetHints":{"allow":["GET"]}}],"collection":[{"href":"https:\/\/linitiative.ca\/International\/wp-json\/wp\/v2\/posts"}],"about":[{"href":"https:\/\/linitiative.ca\/International\/wp-json\/wp\/v2\/types\/post"}],"author":[{"embeddable":true,"href":"https:\/\/linitiative.ca\/International\/wp-json\/wp\/v2\/users\/1775"}],"replies":[{"embeddable":true,"href":"https:\/\/linitiative.ca\/International\/wp-json\/wp\/v2\/comments?post=116092"}],"version-history":[{"count":0,"href":"https:\/\/linitiative.ca\/International\/wp-json\/wp\/v2\/posts\/116092\/revisions"}],"wp:attachment":[{"href":"https:\/\/linitiative.ca\/International\/wp-json\/wp\/v2\/media?parent=116092"}],"wp:term":[{"taxonomy":"category","embeddable":true,"href":"https:\/\/linitiative.ca\/International\/wp-json\/wp\/v2\/categories?post=116092"},{"taxonomy":"post_tag","embeddable":true,"href":"https:\/\/linitiative.ca\/International\/wp-json\/wp\/v2\/tags?post=116092"}],"curies":[{"name":"wp","href":"https:\/\/api.w.org\/{rel}","templated":true}]}}