{"id":116094,"date":"2021-05-03T16:42:42","date_gmt":"2021-05-03T20:42:42","guid":{"rendered":"https:\/\/linitiative.ca\/International\/reunion-sur-la-formation-continue-dans-lenseignement-secondaire\/"},"modified":"2021-05-03T16:42:42","modified_gmt":"2021-05-03T20:42:42","slug":"reunion-sur-la-formation-continue-dans-lenseignement-secondaire","status":"publish","type":"post","link":"https:\/\/linitiative.ca\/International\/reunion-sur-la-formation-continue-dans-lenseignement-secondaire\/","title":{"rendered":"R\u00e9union sur la formation continue dans l\u2019enseignement secondaire"},"content":{"rendered":"<div readability=\"38\">\n<p>Marrakech \u2013 L\u2019Acad\u00e9mie R\u00e9gionale de l\u2019Education et de la Formation (AREF) de Marrakech-Safi a tenu r\u00e9cemment une r\u00e9union visant la promotion de la formation continue au sein de l\u2019enseignement secondaire, dans le cadre de la mise en \u0153uvre du mod\u00e8le \u00ab\u00a0Lyc\u00e9e Attahadi\u00a0\u00bb, principale composante du projet \u00ab\u00a0Education Secondaire\u00a0\u00bb, men\u00e9 par l\u2019Agence Millennium Challenge Account\u2013Morocco (MCA-Morocco).<\/p>\n<\/div>\n<div readability=\"83\">\n<p>Dans une allocution de circonstance, le directeur de l\u2019AREF Marrakech-Safi, M. Moulay Ahmed Karimi, a indiqu\u00e9 que ce plan s\u2019inscrit dans le cadre de la mise en \u0153uvre de la Strat\u00e9gie Nationale de la Formation Continue, et a \u00e9t\u00e9 int\u00e9gr\u00e9 dans le plan r\u00e9gional de la formation continue et ce, en application des directives du minist\u00e8re de tutelle et conform\u00e9ment aux dispositions de la loi-cadre 51-17. L\u2019objectif \u00e9tant de renforcer les capacit\u00e9s des \u00e9ducateurs et des managers, et d\u2019am\u00e9liorer l\u2019efficacit\u00e9 du secteur de l\u2019\u00e9ducation et de la formation.<\/p>\n<p>Dans ce sens, M. Karimi a pass\u00e9 en revue les objectifs du mod\u00e8le \u00ab\u00a0Lyc\u00e9e Attahadi\u00a0\u00bb, principale composante du projet \u00ab\u00a0Education Secondaire\u00a0\u00bb visant \u00e0 rehausser l\u2019efficacit\u00e9 et la performance des \u00e9tablissements scolaires et \u00e0 am\u00e9liorer les apprentissages et les r\u00e9sultats scolaires des \u00e9l\u00e8ves, saluant la compr\u00e9hension commune et l\u2019appropriation collective de ce projet \u00e0 m\u00eame de contribuer \u00e0 sa bonne mise en \u0153uvre.<\/p>\n<p>Il a \u00e9galement relev\u00e9 que le volet de la formation continue concerne les quatre directions provinciales concern\u00e9es, en attendant sa g\u00e9n\u00e9ralisation aux autres directions provinciales, soulignant l\u2019importance du mod\u00e8le \u00ab\u00a0Lyc\u00e9e Attahadi\u00a0\u00bb et de la strat\u00e9gie de la formation au niveau de la r\u00e9gion.<\/p>\n<p>De son c\u00f4t\u00e9, le Directeur adjoint charg\u00e9 de la formation des cadres p\u00e9dagogiques au minist\u00e8re de tutelle, M. Noureddine El Mazouni, a salu\u00e9 les efforts consentis par l\u2019Acad\u00e9mie pour garantir la r\u00e9ussite du projet \u00ab\u00a0Lyc\u00e9e Attahadi\u00a0\u00bb au niveau de la r\u00e9gion.<\/p>\n<p>Tout en faisant savoir que cette rencontre a pour objectif de f\u00e9d\u00e9rer les efforts des acteurs concern\u00e9s et renforcer le secteur de la formation continue, El Mazouni a rappel\u00e9 les diff\u00e9rentes \u00e9tapes de la Strat\u00e9gie Nationale de la Formation Continue.<\/p>\n<p>Au cours de cette r\u00e9union, il a \u00e9t\u00e9 proc\u00e9d\u00e9 \u00e0 la pr\u00e9sentation du programme des formations et l\u2019approbation de sa programmation entre mai 2021 et avril 2022.<\/p>\n<p>Cette r\u00e9union, qui s\u2019est d\u00e9roul\u00e9e dans le respect strict des mesures pr\u00e9ventives visant \u00e0 endiguer la propagation de la pand\u00e9mie de la Covid-19, a r\u00e9uni \u00e9galement le directeur du Centre R\u00e9gional des M\u00e9tiers de l\u2019Education et de la Formation (CRMEF) de Marrakech-Safi, les directeurs provinciaux de l\u2019Education Nationale des directions concern\u00e9es, les chefs de services de l\u2019AREF, le responsable de la formation continue \u00e0 l\u2019Agence Millennium Challenge Account, des repr\u00e9sentants du Bureau d\u2019\u00e9tudes et des membres de l\u2019\u00e9quipe de coordination r\u00e9gionale du projet \u00e0 l\u2019AREF.<\/p>\n<\/div>\n<p>Auteur: Meriem IGASS<br \/>\n<a href=\"http:\/\/www.mapmarrakech.ma\/fr\/reunion-sur-la-formation-continue-dans-lenseignement-secondaire\/\">Cliquez ici pour lire l&rsquo;article depuis sa source.<\/a><\/p>\n","protected":false},"excerpt":{"rendered":"<p>Marrakech \u2013 L\u2019Acad\u00e9mie R\u00e9gionale de l\u2019Education et de la Formation (AREF) de Marrakech-Safi a tenu r\u00e9cemment une r\u00e9union visant la promotion de la formation continue au sein de l\u2019enseignement secondaire, dans le cadre de la mise en \u0153uvre du mod\u00e8le \u00ab\u00a0Lyc\u00e9e Attahadi\u00a0\u00bb, principale composante du projet \u00ab\u00a0Education Secondaire\u00a0\u00bb, men\u00e9 par l\u2019Agence Millennium Challenge Account\u2013Morocco (MCA-Morocco). [&hellip;]<\/p>\n","protected":false},"author":1788,"featured_media":0,"comment_status":"closed","ping_status":"closed","sticky":false,"template":"","format":"standard","meta":{"fifu_image_url":"","fifu_image_alt":"","footnotes":""},"categories":[54,76],"tags":[],"class_list":["post-116094","post","type-post","status-publish","format-standard","hentry","category-maroc","category-regions"],"_links":{"self":[{"href":"https:\/\/linitiative.ca\/International\/wp-json\/wp\/v2\/posts\/116094","targetHints":{"allow":["GET"]}}],"collection":[{"href":"https:\/\/linitiative.ca\/International\/wp-json\/wp\/v2\/posts"}],"about":[{"href":"https:\/\/linitiative.ca\/International\/wp-json\/wp\/v2\/types\/post"}],"author":[{"embeddable":true,"href":"https:\/\/linitiative.ca\/International\/wp-json\/wp\/v2\/users\/1788"}],"replies":[{"embeddable":true,"href":"https:\/\/linitiative.ca\/International\/wp-json\/wp\/v2\/comments?post=116094"}],"version-history":[{"count":0,"href":"https:\/\/linitiative.ca\/International\/wp-json\/wp\/v2\/posts\/116094\/revisions"}],"wp:attachment":[{"href":"https:\/\/linitiative.ca\/International\/wp-json\/wp\/v2\/media?parent=116094"}],"wp:term":[{"taxonomy":"category","embeddable":true,"href":"https:\/\/linitiative.ca\/International\/wp-json\/wp\/v2\/categories?post=116094"},{"taxonomy":"post_tag","embeddable":true,"href":"https:\/\/linitiative.ca\/International\/wp-json\/wp\/v2\/tags?post=116094"}],"curies":[{"name":"wp","href":"https:\/\/api.w.org\/{rel}","templated":true}]}}